{"id":527,"date":"2021-01-26T07:53:00","date_gmt":"2021-01-26T06:53:00","guid":{"rendered":"https:\/\/www.renatour.de\/blog\/?p=527"},"modified":"2023-07-20T10:21:51","modified_gmt":"2023-07-20T09:21:51","slug":"mountainbike","status":"publish","type":"post","link":"https:\/\/www.renatour.de\/blog\/mountainbike\/","title":{"rendered":"Ernesto. Ein Mann. Ein Mountainbike. Die Toskana. Eine Erfolgsgeschichte."},"content":{"rendered":"<p>Das Mountainbike und die Toskana &#8211; wenn diese beiden Begriffe fallen, dann kommt keiner um den Namen Ernesto. Vor mehr als 30 Jahren erwarb der Schweizer <a href=\"https:\/\/www.renatour.de\/reisen\/italien-urlaub\/familie-mit-kindern\">einen alten Gutshof<\/a> unterhalb von Massa Marittima und entwickelte diesen \u00fcber die Jahre zu einem Ort, <strong>wo sich Radfahrer, Toskana-Fans, Liebhaber einer guten K\u00fcche und eines feinen Tropfen Weins treffen.<\/strong><!--more--><\/p>\n<p>Bevor er sich mitten in der Toskana ansiedelte, war der gelernte Mechaniker, nicht s\u00fcdlicher bis als nach Genua gekommen. Er kannte Italien nicht, er konnte die Sprache nicht &#8211; aber eine Vision trieb ihn an diesen Ort, inmitten von Weinbergen und Olivenb\u00e4umen. Nicht zuletzt der schmerzliche Tod seines Bruders wurde Motor f\u00fcr seinen neuen Lebenstraum. Was er allerdings in die neue Heimat mitbrachte: eine Leidenschaft f\u00fcrs Radfahren, er selbst fuhr Rennen.<\/p>\n<h2>Mountainbike-Trails rund um Massa Marittima<\/h2>\n<p>Ernesto hat diesen Standort mit viel Mut, Ehrgeiz und Offenheit in den vergangenen Jahrzehnten zu einem besonderen Ort ausgebaut. Es sind neue H\u00e4user und Zimmer dazugekommen, eine Fahrradwerkstatt, ein Pool, Ruhepl\u00e4tze, Beach-Volleyball oder ein Pump-Trail. Viele Mountainbike-Trails rund um Massa Marittima wurden von ihm und seinem Team angelegt und gepflegt. Er hat sich in dieser Rad-Szene einen Namen erworben. Aber neben dem Mountainbiken ist sicher die Pers\u00f6nlichkeit von Ernesto der Grund, warum sich die G\u00e4ste hier so wohl f\u00fchlen. Immer ist Zeit f\u00fcr einen Plausch und f\u00fcr Probleme gibt es unkonventionelle L\u00f6sungen. &#8222;Das Lachen meines Gegen\u00fcbers ist mein Lohn&#8220;, erz\u00e4hlt Ernesto, der nach eigenen Worten kein Geldmensch ist.<\/p>\n<h2>T\u00f6chter haben das &#8222;Rad-Gen&#8220; geerbt<\/h2>\n<p>Seit eineinhalb Jahren hat Ernesto zwei charmante Damen an seiner Seite. Seine beiden T\u00f6chter Alice und Arianna. Arianna, gelernte Physiotherapeutin und K\u00f6chin, Alice, die Frau f\u00fcr die Zahlen, sind \u00fcberall anzutreffen &#8211; in der Rezeption, im Service oder der K\u00fcche, beim Radeln oder bei einem Gespr\u00e4ch mit den G\u00e4sten. Beide lieben diesen Ort, wo sie aufgewachsen sind. Nach ein paar Jahren im Ausland und beim Studium war es ihr Wunsch, das v\u00e4terliche Schaffen mitzugestalten. Und mit der jungen Generation gibt es beispielsweise ein neues Logo, neue Veranstaltungen rund ums Rad oder Yogakurse auf der Wiese.<\/p>\n<p>Wenn ein Vater seine T\u00f6chter f\u00fcr sein Projekt begeistern kann, hat er wohl ziemlich viel richtig gemacht. Dass allerdings auch die &#8222;Rad-Gene&#8220; vererbt wurden, ist doch erstaunlich. Alice gesteht, dass sie als Jugendliche gerne einen motorisierten Untersatz gehabt h\u00e4tte, wie ihre Freunde eben auch. Da blieb der Vater aber ganz streng. &#8222;Entweder geht ihr zu Fu\u00df oder ihr nehmt ein Fahrrad&#8220;, so seine Antwort. Sie entschieden sich f\u00fcr das Zweite und jetzt freiwillig und mit Freude.<\/p>\n<p>Aber keine Sorge, auch ohne Leidenschaft f\u00fcr das Mountainbiken, ist das Landgut unterhalb der h\u00fcbschen Stadt Massa Marittima und nur 20 Kilometer vom Meer entfernt ein <strong>wunderbarer Ort, um Kraft zu sch\u00f6pfen<\/strong> und von Ernesto, seinen T\u00f6chtern und das au\u00dfergew\u00f6hnlich nette Team umsorgt zu werden. Der Lebenstraum ist aufgegangen!<\/p>\n<ul>\n<li><a href=\"https:\/\/www.renatour.de\/reisen\/italien-urlaub\/familie-mit-kindern\">Zu unseren Mountain-Bike-Touren bei Ernesto und seinen T\u00f6chtern<\/a><\/li>\n<\/ul>\n","protected":false},"excerpt":{"rendered":"<p>Das Mountainbike und die Toskana &#8211; wenn diese beiden Begriffe fallen, dann kommt keiner um den Namen Ernesto. Vor mehr als 30 Jahren erwarb der Schweizer einen alten Gutshof unterhalb von Massa Marittima und entwickelte diesen \u00fcber die Jahre zu einem Ort, wo sich Radfahrer, Toskana-Fans, Liebhaber einer guten K\u00fcche und eines feinen Tropfen Weins [&hellip;]<\/p>\n","protected":false},"author":10,"featured_media":529,"comment_status":"open","ping_status":"open","sticky":false,"template":"","format":"standard","meta":{"_seopress_robots_primary_cat":"none","_seopress_titles_title":"Der Mann, der das Mountainbiken in die Maremma brachte","_seopress_titles_desc":"Das Landgut unterhalb von Massa Maritime in der Toskana ist ein wunderbarer Ort, um Mountainbike zu fahren, Kraft zu sch\u00c3\u00b6pfen und umsorgt zu werden.","_seopress_robots_index":"","inline_featured_image":false,"footnotes":""},"categories":[3,4],"tags":[216,374],"class_list":["post-527","post","type-post","status-publish","format-standard","has-post-thumbnail","hentry","category-laender-und-regionen","category-tipps-und-tricks","tag-mountainbike","tag-toskana"],"_links":{"self":[{"href":"https:\/\/www.renatour.de\/blog\/wp-json\/wp\/v2\/posts\/527","targetHints":{"allow":["GET"]}}],"collection":[{"href":"https:\/\/www.renatour.de\/blog\/wp-json\/wp\/v2\/posts"}],"about":[{"href":"https:\/\/www.renatour.de\/blog\/wp-json\/wp\/v2\/types\/post"}],"author":[{"embeddable":true,"href":"https:\/\/www.renatour.de\/blog\/wp-json\/wp\/v2\/users\/10"}],"replies":[{"embeddable":true,"href":"https:\/\/www.renatour.de\/blog\/wp-json\/wp\/v2\/comments?post=527"}],"version-history":[{"count":3,"href":"https:\/\/www.renatour.de\/blog\/wp-json\/wp\/v2\/posts\/527\/revisions"}],"predecessor-version":[{"id":7111,"href":"https:\/\/www.renatour.de\/blog\/wp-json\/wp\/v2\/posts\/527\/revisions\/7111"}],"wp:featuredmedia":[{"embeddable":true,"href":"https:\/\/www.renatour.de\/blog\/wp-json\/wp\/v2\/media\/529"}],"wp:attachment":[{"href":"https:\/\/www.renatour.de\/blog\/wp-json\/wp\/v2\/media?parent=527"}],"wp:term":[{"taxonomy":"category","embeddable":true,"href":"https:\/\/www.renatour.de\/blog\/wp-json\/wp\/v2\/categories?post=527"},{"taxonomy":"post_tag","embeddable":true,"href":"https:\/\/www.renatour.de\/blog\/wp-json\/wp\/v2\/tags?post=527"}],"curies":[{"name":"wp","href":"https:\/\/api.w.org\/{rel}","templated":true}]}}