{"id":4013,"date":"2021-11-23T08:46:19","date_gmt":"2021-11-23T07:46:19","guid":{"rendered":"https:\/\/www.renatour.de\/blog\/?p=4013"},"modified":"2023-06-20T13:10:43","modified_gmt":"2023-06-20T12:10:43","slug":"renatour-alleinreisen-mit-kindern-kann-so-einfach-sein","status":"publish","type":"post","link":"https:\/\/www.renatour.de\/blog\/renatour-alleinreisen-mit-kindern-kann-so-einfach-sein\/","title":{"rendered":"ReNatour: Alleinreisen mit Kind(ern) kann so einfach sein!"},"content":{"rendered":"\n<p>Allein reisen mit Kind ist ein gro\u00dfes Thema in unserer Gesellschaft. <\/p>\n\n\n\n<p>Mittlerweile ist durchschnittlich jedes f\u00fcnfte Elternteil (zu 90% Frauen) alleinerziehend.<\/p>\n\n\n\n<p>Nat\u00fcrlich muss man nicht alleinerziehend sein, um mit Baby, Kleinkind oder Kind alleine zu verreisen.<\/p>\n\n\n\n<p>Doch bei der folgender Reisekombination: 1 Erwachsener + Kind(er) hat jeder von uns andere Fragen, Erwartungen und Bed\u00fcrfnisse an einen Urlaub:<\/p>\n\n\n\n<figure class=\"wp-block-image size-large\"><img fetchpriority=\"high\" decoding=\"async\" width=\"1024\" height=\"576\" src=\"https:\/\/www.renatour.de\/blog\/wp-content\/uploads\/2021\/10\/korfu-e1634211196606-1024x576.jpg\" alt=\"Allein reisen mit Kind\" class=\"wp-image-4022\" srcset=\"https:\/\/www.renatour.de\/blog\/wp-content\/uploads\/2021\/10\/korfu-e1634211196606-1024x576.jpg 1024w, https:\/\/www.renatour.de\/blog\/wp-content\/uploads\/2021\/10\/korfu-e1634211196606-300x169.jpg 300w, https:\/\/www.renatour.de\/blog\/wp-content\/uploads\/2021\/10\/korfu-e1634211196606-768x432.jpg 768w, https:\/\/www.renatour.de\/blog\/wp-content\/uploads\/2021\/10\/korfu-e1634211196606-1536x864.jpg 1536w, https:\/\/www.renatour.de\/blog\/wp-content\/uploads\/2021\/10\/korfu-e1634211196606.jpg 1600w\" sizes=\"(max-width: 1024px) 100vw, 1024px\" \/><figcaption class=\"wp-element-caption\">Allein reisen mit Kind &#8211; auf Korfu kein Problem<\/figcaption><\/figure>\n\n\n\n<p>Organisatorische Fragen: <\/p>\n\n\n\n<ul class=\"wp-block-list\">\n<li>Habe ich Ansprechpartner vor, w\u00e4hrend und nach der Reise?<\/li>\n\n\n\n<li>Ist die An-\/Abreise unkompliziert?<\/li>\n\n\n\n<li>Gibt es ein (p\u00e4dagogisches) Kinderprogramm?<\/li>\n\n\n\n<li>Wird auch f\u00fcr mich Programm geboten?<\/li>\n<\/ul>\n\n\n\n<p>Emotionale Fragen:<\/p>\n\n\n\n<ul class=\"wp-block-list\">\n<li>Finde ich mit meinem Kind Gesellschaft bei den Mahlzeiten?<\/li>\n\n\n\n<li>Ist mein Kind im Kinderprogramm gut aufgehoben, sodass ich es dort beruhigt abgeben kann?<\/li>\n\n\n\n<li>Darf ich mich unkompliziert bei Ausfl\u00fcgen anschlie\u00dfen?<\/li>\n\n\n\n<li>Finden wir Anschluss bei &#8222;normalen&#8220; Aktivit\u00e4ten, wie z.B. an den Strand gehen, Kaffee trinken, etc.?<\/li>\n\n\n\n<li>Geht das: Alleine mit Kind + nachhaltig Reisen?<\/li>\n<\/ul>\n\n\n\n<p>Finanzielle Fragen:<\/p>\n\n\n\n<ul class=\"wp-block-list\">\n<li>Kann ich mir das leisten? Bekomme ich z.B. den Kinderpreis, obwohl nur ein &#8222;Vollzahler&#8220; im Doppelzimmer ist?<\/li>\n<\/ul>\n\n\n\n<p>All diese Fragen k\u00f6nnen wir auf Korfu: <\/p>\n\n\n\n<p>a) bei uns im <a href=\"https:\/\/www.renatour.de\/honigtal-korfu\" target=\"_blank\" rel=\"noreferrer noopener\">Honigtal<\/a>, sowie <\/p>\n\n\n\n<p class=\"has-palette-color-4-color has-text-color\"><span style=\"color: var(--paletteColor3, #687279);\" class=\"ugb-highlight\">b) in der <a href=\"https:\/\/www.renatour.de\/villa-kalimeera-korfu\" target=\"_blank\" rel=\"noreferrer noopener\">Villa KaliMeera<\/a> mit einem klaren &#8222;JA&#8220; beantworten!<\/span><\/p>\n\n\n\n<figure class=\"wp-block-image size-full\"><img decoding=\"async\" width=\"1024\" height=\"687\" src=\"https:\/\/www.renatour.de\/blog\/wp-content\/uploads\/2023\/02\/dsc-2826-1024x687-1.jpg\" alt=\"\" class=\"wp-image-5683\" srcset=\"https:\/\/www.renatour.de\/blog\/wp-content\/uploads\/2023\/02\/dsc-2826-1024x687-1.jpg 1024w, https:\/\/www.renatour.de\/blog\/wp-content\/uploads\/2023\/02\/dsc-2826-1024x687-1-300x201.jpg 300w, https:\/\/www.renatour.de\/blog\/wp-content\/uploads\/2023\/02\/dsc-2826-1024x687-1-768x515.jpg 768w\" sizes=\"(max-width: 1024px) 100vw, 1024px\" \/><figcaption class=\"wp-element-caption\">Bootsfahrten sind ein Highlight f\u00fcr Klein und Gro\u00df.<\/figcaption><\/figure>\n\n\n\n<p>Bei uns sind Familien und Alleinreisende mit Kindern gleicherma\u00dfen willkommen. Der Umgang auf beiden famili\u00e4ren Anlagen ist entwaffnend herzlich und sympathisch unkompliziert. Unsere beiden K\u00fcchen-Kostas versorgen euch mit ihrer wunderbaren, regionalen K\u00fcche, die sie voller Leidenschaft f\u00fcr euch zubereiten. Der Strom, sowie warmes Wasser, wird direkt aus der hauseigenen Solaranlage gewonnen.<\/p>\n\n\n\n<p>Dani &#8211; unsere Wanderf\u00fchrerin zeigt euch wundersch\u00f6ne Aussichtspunkte, Isabell liebt ihre Arbeit mit den G\u00e4sten und Aias, ja unser Aias ist f\u00fcr jede Frage offen und um keine Antwort verlegen.<\/p>\n\n\n\n<figure class=\"wp-block-gallery has-nested-images columns-default is-cropped wp-block-gallery-1 is-layout-flex wp-block-gallery-is-layout-flex\">\n<figure class=\"wp-block-image size-large\"><img decoding=\"async\" width=\"1024\" height=\"1024\" data-id=\"4019\" src=\"https:\/\/www.renatour.de\/blog\/wp-content\/uploads\/2021\/10\/1-1-1024x1024.png\" alt=\"Wanderf\u00fchrerin Dani\" class=\"wp-image-4019\" srcset=\"https:\/\/www.renatour.de\/blog\/wp-content\/uploads\/2021\/10\/1-1-1024x1024.png 1024w, https:\/\/www.renatour.de\/blog\/wp-content\/uploads\/2021\/10\/1-1-300x300.png 300w, https:\/\/www.renatour.de\/blog\/wp-content\/uploads\/2021\/10\/1-1-150x150.png 150w, https:\/\/www.renatour.de\/blog\/wp-content\/uploads\/2021\/10\/1-1-768x768.png 768w, https:\/\/www.renatour.de\/blog\/wp-content\/uploads\/2021\/10\/1-1.png 1080w\" sizes=\"(max-width: 1024px) 100vw, 1024px\" \/><figcaption class=\"wp-element-caption\">Dani<\/figcaption><\/figure>\n\n\n\n<figure class=\"wp-block-image size-large\"><img loading=\"lazy\" decoding=\"async\" width=\"1024\" height=\"1024\" data-id=\"4021\" src=\"https:\/\/www.renatour.de\/blog\/wp-content\/uploads\/2021\/10\/3-1-1024x1024.png\" alt=\"Teamkoordinator auf Korfu: AIAS\" class=\"wp-image-4021\" srcset=\"https:\/\/www.renatour.de\/blog\/wp-content\/uploads\/2021\/10\/3-1-1024x1024.png 1024w, https:\/\/www.renatour.de\/blog\/wp-content\/uploads\/2021\/10\/3-1-300x300.png 300w, https:\/\/www.renatour.de\/blog\/wp-content\/uploads\/2021\/10\/3-1-150x150.png 150w, https:\/\/www.renatour.de\/blog\/wp-content\/uploads\/2021\/10\/3-1-768x768.png 768w, https:\/\/www.renatour.de\/blog\/wp-content\/uploads\/2021\/10\/3-1.png 1080w\" sizes=\"(max-width: 1024px) 100vw, 1024px\" \/><figcaption class=\"wp-element-caption\">Aias<\/figcaption><\/figure>\n\n\n\n<figure class=\"wp-block-image size-large\"><img loading=\"lazy\" decoding=\"async\" width=\"1024\" height=\"1024\" data-id=\"4020\" src=\"https:\/\/www.renatour.de\/blog\/wp-content\/uploads\/2021\/10\/2-1-1024x1024.png\" alt=\"B\u00fcroleiterin Isabell\" class=\"wp-image-4020\" srcset=\"https:\/\/www.renatour.de\/blog\/wp-content\/uploads\/2021\/10\/2-1-1024x1024.png 1024w, https:\/\/www.renatour.de\/blog\/wp-content\/uploads\/2021\/10\/2-1-300x300.png 300w, https:\/\/www.renatour.de\/blog\/wp-content\/uploads\/2021\/10\/2-1-150x150.png 150w, https:\/\/www.renatour.de\/blog\/wp-content\/uploads\/2021\/10\/2-1-768x768.png 768w, https:\/\/www.renatour.de\/blog\/wp-content\/uploads\/2021\/10\/2-1.png 1080w\" sizes=\"(max-width: 1024px) 100vw, 1024px\" \/><figcaption class=\"wp-element-caption\">Isabell<\/figcaption><\/figure>\n<\/figure>\n\n\n\n<p>Fazit: Einfach ausprobieren und lieben!<\/p>\n\n\n\t\t<div data-elementor-type=\"section\" data-elementor-id=\"6843\" class=\"elementor elementor-6843\" data-elementor-settings=\"{&quot;ha_cmc_init_switcher&quot;:&quot;no&quot;}\" data-elementor-post-type=\"elementor_library\">\n\t\t\t\t\t<section class=\"elementor-section elementor-top-section elementor-element elementor-element-4bac12dd elementor-section-content-middle elementor-section-boxed elementor-section-height-default elementor-section-height-default\" data-id=\"4bac12dd\" data-element_type=\"section\" data-e-type=\"section\" data-settings=\"{&quot;background_background&quot;:&quot;classic&quot;,&quot;_ha_eqh_enable&quot;:false}\">\n\t\t\t\t\t\t\t<div class=\"elementor-background-overlay\"><\/div>\n\t\t\t\t\t\t\t<div class=\"elementor-container elementor-column-gap-wide\">\n\t\t\t\t\t<div class=\"elementor-column elementor-col-50 elementor-top-column elementor-element elementor-element-3dcad9fd\" data-id=\"3dcad9fd\" data-element_type=\"column\" data-e-type=\"column\" data-settings=\"{&quot;background_background&quot;:&quot;classic&quot;}\">\n\t\t\t<div class=\"elementor-widget-wrap elementor-element-populated\">\n\t\t\t\t\t\t<div class=\"elementor-element elementor-element-10d12b9c elementor-widget elementor-widget-image\" data-id=\"10d12b9c\" data-element_type=\"widget\" data-e-type=\"widget\" data-widget_type=\"image.default\">\n\t\t\t\t<div class=\"elementor-widget-container\">\n\t\t\t\t\t\t\t\t\t\t\t\t\t\t\t<img loading=\"lazy\" decoding=\"async\" width=\"800\" height=\"671\" src=\"https:\/\/www.renatour.de\/blog\/wp-content\/uploads\/2021\/10\/design-ohne-titel-4.png\" class=\"attachment-large size-large wp-image-4024\" alt=\"Alleinreisen mit Kindern\" srcset=\"https:\/\/www.renatour.de\/blog\/wp-content\/uploads\/2021\/10\/design-ohne-titel-4.png 940w, https:\/\/www.renatour.de\/blog\/wp-content\/uploads\/2021\/10\/design-ohne-titel-4-300x251.png 300w, https:\/\/www.renatour.de\/blog\/wp-content\/uploads\/2021\/10\/design-ohne-titel-4-768x644.png 768w\" sizes=\"(max-width: 800px) 100vw, 800px\" \/>\t\t\t\t\t\t\t\t\t\t\t\t\t\t\t<\/div>\n\t\t\t\t<\/div>\n\t\t\t\t\t<\/div>\n\t\t<\/div>\n\t\t\t\t<div class=\"elementor-column elementor-col-50 elementor-top-column elementor-element elementor-element-101f61e3\" data-id=\"101f61e3\" data-element_type=\"column\" data-e-type=\"column\" data-settings=\"{&quot;background_background&quot;:&quot;classic&quot;}\">\n\t\t\t<div class=\"elementor-widget-wrap elementor-element-populated\">\n\t\t\t\t\t\t<div class=\"elementor-element elementor-element-525ac462 elementor-widget elementor-widget-heading\" data-id=\"525ac462\" data-element_type=\"widget\" data-e-type=\"widget\" data-widget_type=\"heading.default\">\n\t\t\t\t<div class=\"elementor-widget-container\">\n\t\t\t\t\t<div class=\"elementor-heading-title elementor-size-default\">Entspannt allein <br>reisen mit Kind <\/div>\t\t\t\t<\/div>\n\t\t\t\t<\/div>\n\t\t\t\t<div class=\"elementor-element elementor-element-7d1c3d61 elementor-align-left elementor-widget elementor-widget-button\" data-id=\"7d1c3d61\" data-element_type=\"widget\" data-e-type=\"widget\" data-widget_type=\"button.default\">\n\t\t\t\t<div class=\"elementor-widget-container\">\n\t\t\t\t\t\t\t\t\t<div class=\"elementor-button-wrapper\">\n\t\t\t\t\t<a class=\"elementor-button elementor-button-link elementor-size-sm\" href=\"https:\/\/www.renatour.de\/single-mit-kind-urlaub?utm_source=blog&#038;utm_medium=cta\">\n\t\t\t\t\t\t<span class=\"elementor-button-content-wrapper\">\n\t\t\t\t\t\t\t\t\t<span class=\"elementor-button-text\">Angebote entdecken<\/span>\n\t\t\t\t\t<\/span>\n\t\t\t\t\t<\/a>\n\t\t\t\t<\/div>\n\t\t\t\t\t\t\t\t<\/div>\n\t\t\t\t<\/div>\n\t\t\t\t\t<\/div>\n\t\t<\/div>\n\t\t\t\t\t<\/div>\n\t\t<\/section>\n\t\t\t\t<\/div>\n\t\t\n","protected":false},"excerpt":{"rendered":"<p>Allein reisen mit Kind ist ein gro\u00dfes Thema in unserer Gesellschaft. Mittlerweile ist durchschnittlich jedes f\u00fcnfte Elternteil (zu 90% Frauen) alleinerziehend. Nat\u00fcrlich muss man nicht alleinerziehend sein, um mit Baby, Kleinkind oder Kind alleine zu verreisen. Doch bei der folgender Reisekombination: 1 Erwachsener + Kind(er) hat jeder von uns andere Fragen, Erwartungen und Bed\u00fcrfnisse an [&hellip;]<\/p>\n","protected":false},"author":10,"featured_media":4024,"comment_status":"open","ping_status":"open","sticky":false,"template":"","format":"standard","meta":{"_seopress_robots_primary_cat":"none","_seopress_titles_title":"Allein reisen mit Kind - Urlaub f\u00fcr M\u00fctter und V\u00e4ter","_seopress_titles_desc":"Bei uns sind Familien und Alleinreisende mit Kindern gleicherma\u00dfen willkommen. Der Umgang auf beiden famili\u00e4ren Anlagen ist entwaffnend herzlich und sympathisch unkompliziert.","_seopress_robots_index":"","inline_featured_image":false,"footnotes":""},"categories":[4,5],"tags":[13,14,93,127,173,188,229,414],"class_list":["post-4013","post","type-post","status-publish","format-standard","has-post-thumbnail","hentry","category-tipps-und-tricks","category-urlaub-mit-kindern","tag-allein-reisen","tag-allein-reisen-mit-kind","tag-familienurlaub","tag-griechenland","tag-kinder","tag-korfu","tag-nachhaltigkeit","tag-wandern"],"_links":{"self":[{"href":"https:\/\/www.renatour.de\/blog\/wp-json\/wp\/v2\/posts\/4013","targetHints":{"allow":["GET"]}}],"collection":[{"href":"https:\/\/www.renatour.de\/blog\/wp-json\/wp\/v2\/posts"}],"about":[{"href":"https:\/\/www.renatour.de\/blog\/wp-json\/wp\/v2\/types\/post"}],"author":[{"embeddable":true,"href":"https:\/\/www.renatour.de\/blog\/wp-json\/wp\/v2\/users\/10"}],"replies":[{"embeddable":true,"href":"https:\/\/www.renatour.de\/blog\/wp-json\/wp\/v2\/comments?post=4013"}],"version-history":[{"count":2,"href":"https:\/\/www.renatour.de\/blog\/wp-json\/wp\/v2\/posts\/4013\/revisions"}],"predecessor-version":[{"id":6847,"href":"https:\/\/www.renatour.de\/blog\/wp-json\/wp\/v2\/posts\/4013\/revisions\/6847"}],"wp:featuredmedia":[{"embeddable":true,"href":"https:\/\/www.renatour.de\/blog\/wp-json\/wp\/v2\/media\/4024"}],"wp:attachment":[{"href":"https:\/\/www.renatour.de\/blog\/wp-json\/wp\/v2\/media?parent=4013"}],"wp:term":[{"taxonomy":"category","embeddable":true,"href":"https:\/\/www.renatour.de\/blog\/wp-json\/wp\/v2\/categories?post=4013"},{"taxonomy":"post_tag","embeddable":true,"href":"https:\/\/www.renatour.de\/blog\/wp-json\/wp\/v2\/tags?post=4013"}],"curies":[{"name":"wp","href":"https:\/\/api.w.org\/{rel}","templated":true}]}}