{"id":1494,"date":"2019-02-07T08:16:37","date_gmt":"2019-02-07T07:16:37","guid":{"rendered":"https:\/\/www.renatour.de\/blog\/?p=1494"},"modified":"2023-07-20T10:35:56","modified_gmt":"2023-07-20T09:35:56","slug":"spanien-wanderurlaub-wo-machen","status":"publish","type":"post","link":"https:\/\/www.renatour.de\/blog\/spanien-wanderurlaub-wo-machen\/","title":{"rendered":"Wanderurlaub in Spanien: Wir zeigen euch wo!"},"content":{"rendered":"\n<p>Abwechslungsreiche Landschaften, unber\u00fchrte Natur, ganzj\u00e4hrig angenehmes Klima: Spanien ist ein Paradies f\u00fcr Wanderer. Vor allem der Norden der iberischen Halbinsel sowie die Balearen-Insel Mallorca und die Kanaren bieten reizvolle Bedingungen f\u00fcr einen&nbsp;<a href=\"https:\/\/www.renatour.de\/wanderurlaub\">Wanderurlaub<\/a>. Unsere Reiseexperten verraten Ihnen die besten Tipps zum&nbsp;<strong>Wandern in Spanien<\/strong>!<\/p>\n\n\n\n<p>Viele G\u00e4ste fragen uns: Wo kann man einen&nbsp;<strong>Wanderurlaub in Spanien<\/strong>&nbsp;unternehmen?<\/p>\n\n\n\t\t<div data-elementor-type=\"section\" data-elementor-id=\"7026\" class=\"elementor elementor-7026\" data-elementor-settings=\"{&quot;ha_cmc_init_switcher&quot;:&quot;no&quot;}\" data-elementor-post-type=\"elementor_library\">\n\t\t\t\t\t<section class=\"elementor-section elementor-top-section elementor-element elementor-element-cd966ab elementor-section-content-middle elementor-section-boxed elementor-section-height-default elementor-section-height-default\" data-id=\"cd966ab\" data-element_type=\"section\" data-e-type=\"section\" data-settings=\"{&quot;background_background&quot;:&quot;classic&quot;,&quot;_ha_eqh_enable&quot;:false}\">\n\t\t\t\t\t\t\t<div class=\"elementor-background-overlay\"><\/div>\n\t\t\t\t\t\t\t<div class=\"elementor-container elementor-column-gap-wide\">\n\t\t\t\t\t<div class=\"elementor-column elementor-col-50 elementor-top-column elementor-element elementor-element-4af68719\" data-id=\"4af68719\" data-element_type=\"column\" data-e-type=\"column\" data-settings=\"{&quot;background_background&quot;:&quot;classic&quot;}\">\n\t\t\t<div class=\"elementor-widget-wrap elementor-element-populated\">\n\t\t\t\t\t\t<div class=\"elementor-element elementor-element-1c359918 elementor-widget elementor-widget-image\" data-id=\"1c359918\" data-element_type=\"widget\" data-e-type=\"widget\" data-widget_type=\"image.default\">\n\t\t\t\t<div class=\"elementor-widget-container\">\n\t\t\t\t\t\t\t\t\t\t\t\t\t\t\t<img fetchpriority=\"high\" decoding=\"async\" width=\"798\" height=\"530\" src=\"https:\/\/www.renatour.de\/blog\/wp-content\/uploads\/2019\/02\/spanien-wanderurlaub.jpg\" class=\"attachment-large size-large wp-image-1496\" alt=\"\" srcset=\"https:\/\/www.renatour.de\/blog\/wp-content\/uploads\/2019\/02\/spanien-wanderurlaub.jpg 798w, https:\/\/www.renatour.de\/blog\/wp-content\/uploads\/2019\/02\/spanien-wanderurlaub-300x199.jpg 300w, https:\/\/www.renatour.de\/blog\/wp-content\/uploads\/2019\/02\/spanien-wanderurlaub-768x510.jpg 768w\" sizes=\"(max-width: 798px) 100vw, 798px\" \/>\t\t\t\t\t\t\t\t\t\t\t\t\t\t\t<\/div>\n\t\t\t\t<\/div>\n\t\t\t\t\t<\/div>\n\t\t<\/div>\n\t\t\t\t<div class=\"elementor-column elementor-col-50 elementor-top-column elementor-element elementor-element-7883a4f5\" data-id=\"7883a4f5\" data-element_type=\"column\" data-e-type=\"column\" data-settings=\"{&quot;background_background&quot;:&quot;classic&quot;}\">\n\t\t\t<div class=\"elementor-widget-wrap elementor-element-populated\">\n\t\t\t\t\t\t<div class=\"elementor-element elementor-element-215d12d3 elementor-widget elementor-widget-heading\" data-id=\"215d12d3\" data-element_type=\"widget\" data-e-type=\"widget\" data-widget_type=\"heading.default\">\n\t\t\t\t<div class=\"elementor-widget-container\">\n\t\t\t\t\t<div class=\"elementor-heading-title elementor-size-default\">Wanderurlaub <br>in Spanien<\/div>\t\t\t\t<\/div>\n\t\t\t\t<\/div>\n\t\t\t\t<div class=\"elementor-element elementor-element-6e6702c2 elementor-align-left elementor-widget elementor-widget-button\" data-id=\"6e6702c2\" data-element_type=\"widget\" data-e-type=\"widget\" data-widget_type=\"button.default\">\n\t\t\t\t<div class=\"elementor-widget-container\">\n\t\t\t\t\t\t\t\t\t<div class=\"elementor-button-wrapper\">\n\t\t\t\t\t<a class=\"elementor-button elementor-button-link elementor-size-sm\" href=\"https:\/\/www.renatour.de\/reisen\/spanien-urlaub\/?utm_source=blog&#038;utm_medium=cta\">\n\t\t\t\t\t\t<span class=\"elementor-button-content-wrapper\">\n\t\t\t\t\t\t\t\t\t<span class=\"elementor-button-text\">Angebote entdecken<\/span>\n\t\t\t\t\t<\/span>\n\t\t\t\t\t<\/a>\n\t\t\t\t<\/div>\n\t\t\t\t\t\t\t\t<\/div>\n\t\t\t\t<\/div>\n\t\t\t\t\t<\/div>\n\t\t<\/div>\n\t\t\t\t\t<\/div>\n\t\t<\/section>\n\t\t\t\t<\/div>\n\t\t\n\n\n\n<p>Kenner wissen schon lange: Mallorca ist mehr als Sonne, Strand und Ballermann.<\/p>\n\n\n\n<p>Abseits der Touristenzentren begeistert die Baleareninsel mit urspr\u00fcnglichen Landschaften f\u00fcr Wanderurlauber jeden Alters und Fitnessgrades.<\/p>\n\n\n\n<p>So pr\u00e4sentiert zum Beispiel das Tramuntana-Gebirge im Nordwesten eine raue, aber faszinierende Seite der beliebten Ferieninsel.<\/p>\n\n\n\n<p>Im S\u00fcdwesten wartet unweit des Promi-Badeortes Andratx ein wildromantischer K\u00fcstenhochweg zum ehemaligen Trappistenkloster mit Panoramablick auf die Dracheninsel mit ihren drei Leuchtt\u00fcrmen. Erfahrene Wanderer versuchen sich an einer Tour an der Nordostspitze Mallorcas. Statt mit Schildern ist der Weg mit Steinm\u00e4nnchen gekennzeichnet. Wer sich darauf einl\u00e4sst, wird mit einem atemberaubenden Ausblick auf das Cap de Formentor, ins Vall de Ternelles, auf die Bucht Cala Castell sowie auf die Halbinsel Punta Galera belohnt.<\/p>\n\n\n\n<!--more-->\n\n\n\n<h2 class=\"wp-block-heading\">Mallorca in Wanderschuhen entdecken<\/h2>\n\n\n\n<p><strong>Unser Tipp:<\/strong> <a href=\"https:\/\/www.renatour.de\/mallorca-wandern\">Wandern auf Pilgerwegen auf Mallorca<\/a><\/p>\n\n\n\n<h2 class=\"wp-block-heading\">Wanderurlaub auf den Kanarischen Inseln<\/h2>\n\n\n\n<p>Vor der Westk\u00fcste Afrikas im Atlantik gelegen, bieten die Kanarischen Inseln aufgrund ihrer milden Temperaturen das ganze Jahr \u00fcber optimale Bedingungen f\u00fcr Wanderurlaub in Spanien. Teneriffa, Gran Canaria, Fuerteventura, <a href=\"https:\/\/www.finca-und-ferienhaus-urlaub.de\/tour-island\/lanzarote\/\">Lanzarote<\/a>, La Gomera, La Palma und El Hierro begeistern mit traumhaften Str\u00e4nden, h\u00fcbschen Ortschaften und Landschaften. So sind w\u00fcsten\u00e4hnliche Gel\u00e4ndeformen f\u00fcr Fuerteventura, der schwarze Sand hingegen f\u00fcr Lanzarote charakteristisch. Wer Wanderurlaub auf Teneriffa bucht, kommt um eine Bergwanderung auf den Vulkan Teide, den mit 3.718 H\u00f6henmetern h\u00f6chsten Berg Spaniens, nicht herum. Gran Canaria hat mit dem Pico de las Nieves &#8211; &#8222;nur&#8220; 1.949 Meter hoch &#8211; ebenfalls einen Vulkan und abwechslungsreiche Natur zu bieten. Ausgedehnte D\u00fcnenfelder, subtropische T\u00e4ler, Stauseen: Nicht umsonst bezeichnet man die Kanareninsel auch als &#8222;Miniaturkontinent&#8220;.<\/p>\n\n\n\n<p><strong>Wandertipp auf den Kanaren:<\/strong> <a href=\"https:\/\/www.renatour.de\/el-cabrito\">El Cabrito &#8211; kleines Paradies auf La Gomera<\/a><\/p>\n\n\n\n<figure class=\"wp-block-image\"><img decoding=\"async\" width=\"798\" height=\"530\" src=\"https:\/\/www.renatour.de\/blog\/wp-content\/uploads\/2019\/02\/spanien-wanderurlaub.jpg\" alt=\"\" class=\"wp-image-1496\" srcset=\"https:\/\/www.renatour.de\/blog\/wp-content\/uploads\/2019\/02\/spanien-wanderurlaub.jpg 798w, https:\/\/www.renatour.de\/blog\/wp-content\/uploads\/2019\/02\/spanien-wanderurlaub-300x199.jpg 300w, https:\/\/www.renatour.de\/blog\/wp-content\/uploads\/2019\/02\/spanien-wanderurlaub-768x510.jpg 768w\" sizes=\"(max-width: 798px) 100vw, 798px\" \/><figcaption class=\"wp-element-caption\">Die Kanaren sind das ideale Ziel f\u00fcr Spanien-Wanderurlaub.<\/figcaption><\/figure>\n\n\n\n<p><br>Immer noch ein Geheimtipp unter Wanderurlaubern ist La Gomera. Die zweitkleinste Insel des kanarischen Archipels ist bislang vom Massentourismus verschont geblieben &#8211; was auch daran liegt, dass La Gomera bis heute keinen Flughafen besitzt, sondern von der Nachbarinsel Teneriffa mit dem Schiff angesteuert werden muss. Wer diesen Umweg auf sich nimmt, wird auf La Gomera mit einer beeindruckenden Natur belohnt. Der h\u00f6chste Berg der Insel, der 1.500 Meter hohe Garajonay verschafft mit rund 50 steilwandigen, zum Meer abfallenden Schluchten Urlaubserinnerungen, die noch lange im Ged\u00e4chtnis bleiben. Gut trainierte Wanderurlauber lassen sich eine Tour \u00fcber die H\u00f6henz\u00fcge im Valle Gran Rey nicht entgehen. Wer es etwas entspannter mag, wandert durch ausgedehnte Nebel- und Lorbeerw\u00e4lder. Auf La Gomera wachsen noch Pflanzenarten, die ansonsten ausgestorben sind. Auch aus diesem Grund hat die UNESCO sie im Jahr 2011 als Biosph\u00e4renreservat ausgezeichnet.<\/p>\n\n\n\n<h2 class=\"wp-block-heading\">Wanderurlaub in Spaniens wildem Norden<\/h2>\n\n\n\n<p>Ein echter Leckerbissen f\u00fcr Naturliebhaber ist der Norden von Spanien. In den vier autonomen Regionen Galizien, Kantabrien, Asturien und dem Baskenland pr\u00e4gen der wilde Atlantik mit seinen zerkl\u00fcfteten K\u00fcstenabschnitten, Buchten und malerischen Fischerd\u00f6rfern das Bild der Landschaft. Im Binnenland befinden sich das rund 2.000 Meter hohe K\u00fcstengebirge und der Nationalpark <a href=\"https:\/\/www.pelayo-tours.de\/reiseangebot\/wandern-picos-de-europa\/\">Picos de Europa<\/a>. Wanderer, die diese Region als Urlaubsziel ausgew\u00e4hlt haben, sind von den Schluchten, Wasserf\u00e4llen und Fl\u00fcssen, die sich bis hinunter an die K\u00fcste ziehen, sehr angetan.<\/p>\n\n\n\n<p><strong>\u00dcbrigens: <\/strong>Mehr Spanien-Reisen abseits vom Massentourismus finden Sie auf <a href=\"https:\/\/www.renatour.de\/spanien-urlaub\" target=\"_blank\" rel=\"noreferrer noopener\">https:\/\/www.renatour.de\/spanien-urlaub<\/a><br><br>Kulturinteressierte Wanderurlauber kommen im Norden von Spanien ebenfalls auf ihre Kosten. St\u00e4dte wie San Sebasti\u00e1n, Bilbao, Oviedo und Santiago de Compostela bieten nach einer ausgedehnten Tour durch unber\u00fchrte Landschaften urbane Abwechslung. Vor allem die Pilgerstadt Santiago de Compostela steht als Ziel des ber\u00fchmten Jakobswegs f\u00fcr viele Wanderurlauber auf dem Reiseplan.<\/p>\n","protected":false},"excerpt":{"rendered":"<p>Abwechslungsreiche Landschaften, unber\u00fchrte Natur, ganzj\u00e4hrig angenehmes Klima: Spanien ist ein Paradies f\u00fcr Wanderer. Vor allem der Norden der iberischen Halbinsel sowie die Balearen-Insel Mallorca und die Kanaren bieten reizvolle Bedingungen f\u00fcr einen&nbsp;Wanderurlaub. Unsere Reiseexperten verraten Ihnen die besten Tipps zum&nbsp;Wandern in Spanien! Viele G\u00e4ste fragen uns: Wo kann man einen&nbsp;Wanderurlaub in Spanien&nbsp;unternehmen? Kenner wissen schon [&hellip;]<\/p>\n","protected":false},"author":10,"featured_media":5934,"comment_status":"open","ping_status":"open","sticky":false,"template":"","format":"standard","meta":{"_seopress_robots_primary_cat":"none","_seopress_titles_title":"Wanderurlaub in Spanien! Wir zeigen euch wo.","_seopress_titles_desc":"Wo kann man einen Wanderurlaub in Spanien unternehmen? Unsere Experten verraten die besten Tipps zum Wandern auf Mallorca, den Kanaren und in Nordspanien!","_seopress_robots_index":"","inline_featured_image":false,"footnotes":""},"categories":[6],"tags":[166,167,198,209,345,414,416,421],"class_list":["post-1494","post","type-post","status-publish","format-standard","has-post-thumbnail","hentry","category-wanderurlaub","tag-kanaren","tag-kanarische-inseln","tag-la-gomera","tag-mallorca","tag-spanien","tag-wandern","tag-wanderreisen","tag-wanderurlaub"],"_links":{"self":[{"href":"https:\/\/www.renatour.de\/blog\/wp-json\/wp\/v2\/posts\/1494","targetHints":{"allow":["GET"]}}],"collection":[{"href":"https:\/\/www.renatour.de\/blog\/wp-json\/wp\/v2\/posts"}],"about":[{"href":"https:\/\/www.renatour.de\/blog\/wp-json\/wp\/v2\/types\/post"}],"author":[{"embeddable":true,"href":"https:\/\/www.renatour.de\/blog\/wp-json\/wp\/v2\/users\/10"}],"replies":[{"embeddable":true,"href":"https:\/\/www.renatour.de\/blog\/wp-json\/wp\/v2\/comments?post=1494"}],"version-history":[{"count":4,"href":"https:\/\/www.renatour.de\/blog\/wp-json\/wp\/v2\/posts\/1494\/revisions"}],"predecessor-version":[{"id":7121,"href":"https:\/\/www.renatour.de\/blog\/wp-json\/wp\/v2\/posts\/1494\/revisions\/7121"}],"wp:featuredmedia":[{"embeddable":true,"href":"https:\/\/www.renatour.de\/blog\/wp-json\/wp\/v2\/media\/5934"}],"wp:attachment":[{"href":"https:\/\/www.renatour.de\/blog\/wp-json\/wp\/v2\/media?parent=1494"}],"wp:term":[{"taxonomy":"category","embeddable":true,"href":"https:\/\/www.renatour.de\/blog\/wp-json\/wp\/v2\/categories?post=1494"},{"taxonomy":"post_tag","embeddable":true,"href":"https:\/\/www.renatour.de\/blog\/wp-json\/wp\/v2\/tags?post=1494"}],"curies":[{"name":"wp","href":"https:\/\/api.w.org\/{rel}","templated":true}]}}