{"id":1465,"date":"2019-01-23T09:59:20","date_gmt":"2019-01-23T09:59:20","guid":{"rendered":"https:\/\/www.renatour.de\/blog\/?p=1465"},"modified":"2023-06-20T19:21:55","modified_gmt":"2023-06-20T18:21:55","slug":"begruessungsbrief-von-korfu-mitarbeiterin-verena-reichel","status":"publish","type":"post","link":"https:\/\/www.renatour.de\/blog\/begruessungsbrief-von-korfu-mitarbeiterin-verena-reichel\/","title":{"rendered":"Begr\u00fc\u00dfungsbrief von Korfu-Mitarbeiterin Verena Reichel"},"content":{"rendered":"\n<p>Verena Reichel&nbsp;wird ab April auf Korfu sein, um das Team in der <a href=\"https:\/\/www.renatour.de\/villa-kalimeera-korfu\" target=\"_blank\" rel=\"noopener noreferrer\">Villa KaliMeera<\/a> zu leiten. Wir freuen uns sehr, dass Verena wieder als Mitarbeiterin dabei ist. Hier ihre Gedanken zur Saison 2019:<\/p>\n\n\n\n<p><strong>Liebe G\u00e4ste der Villa KaliMeera!<\/strong><\/p>\n\n\n\n<p>Ich hoffe, Ihr seid gut und gesund ins Neue Jahr gestartet und freut euch genauso wie ich auf den n\u00e4chsten Sommer in Griechenland!<\/p>\n\n\n\n<p>F\u00fcr mich hat 2019 gem\u00fctlich mit meinen engsten und liebsten Freunden am Lagerfeuer im beschaulichen B\u00fchl bei T\u00fcbingen begonnen. Es war ein sch\u00f6ner Moment, das letzte Jahr Revue passieren zu lassen und ich konnte viele spannende Geschichten aus der Villa KaliMeera erz\u00e4hlen. Gerne denke ich an die romantischen Lagerfeuerabende am Strand und auf der Anlage&nbsp;zur\u00fcck, wo wir gemeinsam mit den G\u00e4sten gesungen und musiziert haben.<\/p>\n\n\n\n<!--more-->\n\n\n\n<figure class=\"wp-block-image aligncenter\"><a href=\"https:\/\/www.renatour.de\/blog\/wp-content\/uploads\/2019\/01\/Verena_Oliven.jpg\"><img decoding=\"async\" src=\"https:\/\/www.renatour.de\/blog\/wp-content\/uploads\/2019\/01\/Verena_Oliven-150x150.jpg\" alt=\"\" class=\"wp-image-1469\"\/><\/a><\/figure>\n\n\n\n<p>Gerade verbringe ich viel Zeit bei meinem Vater. Er lebt in der N\u00e4he von Stuttgart und ist gesundheitlich angeschlagen. F\u00fcr mich ist es sch\u00f6n, dass ich jetzt die Zeit habe, meinen Vater zu unterst\u00fctzen. Bei Spazierg\u00e4ngen und in der Sauna tanke ich wieder Energie und g\u00f6nne meinem K\u00f6rper viel Schlaf. Die Winterzeit nutze ich auch, um meine Familie und Freunde zu besuchen und in T\u00fcbingen, sowie Berlin Eltern-Kinder-Yoga anzubieten.<span class=\"Apple-converted-space\">&nbsp;<\/span><\/p>\n\n\n\n<p>Ich konnte mir von Anfang an gut vorstellen, eine weitere Saison in der Villa KaliMeera zu verbringen. Nachdem ich im letzten Jahr eine gute und erfahrungsreiche Zeit mit einem tollen Team auf Korfu verbracht habe, musste ich nicht lange \u00fcberlegen und habe beim Abschlussgespr\u00e4ch im Oktober 2018 f\u00fcr die neue Saison zugesagt. Die herzlichen Menschen, das milde Klima und die sch\u00f6ne Natur haben mich sehr beeindruckt.<span class=\"Apple-converted-space\"> Hier herrschen die idealen Bedingungen f\u00fcr einen<a href=\"https:\/\/www.renatour.de\/griechenland-urlaub\" target=\"_blank\" rel=\"noreferrer noopener\"> Griechenland-Urlaub<\/a>!<br><\/span><\/p>\n\n\n\n<p>Wenn ich an die Zeit auf Korfu zur\u00fcck denke, kommen mir Bilder von <strong>zufriedenen und entspannten G\u00e4sten, dem k\u00f6stlichen, gesunden Buffet, vom langen Sandstrand, dem glitzerden Meer, den magischen Olivenhainen, und den vielen bunten duftenden Bl\u00fcten<\/strong>.<\/p>\n\n\n\n<h3 class=\"wp-block-heading\">Neue Aufgaben vor Ort<\/h3>\n\n\n\n<p>In der n\u00e4chsten Saison werde ich vom Kinderprogramm zur B\u00fcroleitung wechseln, daher denke ich<span class=\"Apple-converted-space\">&nbsp;<\/span>besonderes gerne an die vielen sch\u00f6nen Momente mit den Kindern zur\u00fcck. Es ist immer wieder inspirierend f\u00fcr mich, die Welt mit ihren Augen zu sehen.<\/p>\n\n\n\n<p>Mit den neuen Aufgaben werde ich den Kontakt zu den \u201egro\u00dfen\u201c G\u00e4sten intensivieren k\u00f6nnen. Die sch\u00f6ne Umgebung der Villa KaliMeera l\u00e4dt uns zu Wanderungen ein, die ich literarisch und meditativ gestalten m\u00f6chte. Ganz besonders freue ich mich auf das Yoga-Progamm und gemeinsam mit den G\u00e4sten, in der Natur zu entspannen.<\/p>\n\n\n\n<p>Wir werden 2019 ein neues Team sein und ich freue mich, als Teamleitung frische Impulse zu setzen. Den Gemeinschaftsgarten wiederzubeleben liegt mir ganz besonders am Herzen! Neue Angebote wird es auch f\u00fcr die \u00e4lteren Kinder und Jugendliche geben.<\/p>\n\n\n\n<h3 class=\"wp-block-heading\">Meine neue Heimat Korfu<\/h3>\n\n\n\n<p>Auf Korfu habe ich ein neues zu Hause gefunden! W\u00e4hrend der letzten zwei Jahre war ich viel unterwegs und meist nicht l\u00e4nger als ein paar Wochen an einem Ort. Gereist bin ich ganz unterschiedlich, mit dem Fahrrad (von Freiburg nach Barcelona), dem Zug oder per Anhalter. Habe Deutschland, die iberische Halbinsel und S\u00fcdtirol bereist. Die Lust zu Reisen und im Ausland zu leben begleitet mich seit dem ich 2004 die Schule abgeschlossen hatte. Ein halbes Jahr habe ich nach dem Abitur in British Columbia, Canada auf einer Pferde-Guest-Ranch mitgeholfen und seither konnte ich schon viele sch\u00f6ne Orte auf der Welt kennenlernen.<\/p>\n\n\n\n<p><strong>Nachhaltig zu Reisen ist Teil meines Lebensstils.<\/strong> Das bedeutet f\u00fcr mich langsam unterwegs zu sein. Wenn es geht, verzichte ich auf das Flugzeug. Der Kontakt mit den Einheimischen ist mir wichtig, ich m\u00f6chte ihr Leben und ihre Kultur kennenlernen und regional konsumieren. F\u00fcr die Zukunft w\u00fcnsche ich mir einmal Australien auf dem Land und Seeweg zu erreichen. Trotz der zwei Aufenthalte dort w\u00e4hrend meines Biologiestudiums, habe ich erst einen winzigen Teil des faszinierenden Landes gesehen.<\/p>\n\n\n\t\t<div data-elementor-type=\"section\" data-elementor-id=\"6878\" class=\"elementor elementor-6878\" data-elementor-settings=\"{&quot;ha_cmc_init_switcher&quot;:&quot;no&quot;}\" data-elementor-post-type=\"elementor_library\">\n\t\t\t\t\t<section class=\"elementor-section elementor-top-section elementor-element elementor-element-2ec06dfe elementor-section-content-middle elementor-section-boxed elementor-section-height-default elementor-section-height-default\" data-id=\"2ec06dfe\" data-element_type=\"section\" data-e-type=\"section\" data-settings=\"{&quot;background_background&quot;:&quot;classic&quot;,&quot;_ha_eqh_enable&quot;:false}\">\n\t\t\t\t\t\t\t<div class=\"elementor-background-overlay\"><\/div>\n\t\t\t\t\t\t\t<div class=\"elementor-container elementor-column-gap-wide\">\n\t\t\t\t\t<div class=\"elementor-column elementor-col-50 elementor-top-column elementor-element elementor-element-65e89442\" data-id=\"65e89442\" data-element_type=\"column\" data-e-type=\"column\" data-settings=\"{&quot;background_background&quot;:&quot;classic&quot;}\">\n\t\t\t<div class=\"elementor-widget-wrap elementor-element-populated\">\n\t\t\t\t\t\t<div class=\"elementor-element elementor-element-3e856e73 elementor-widget elementor-widget-image\" data-id=\"3e856e73\" data-element_type=\"widget\" data-e-type=\"widget\" data-widget_type=\"image.default\">\n\t\t\t\t<div class=\"elementor-widget-container\">\n\t\t\t\t\t\t\t\t\t\t\t\t\t\t\t<img fetchpriority=\"high\" decoding=\"async\" width=\"800\" height=\"488\" src=\"https:\/\/www.renatour.de\/blog\/wp-content\/uploads\/2021\/08\/villa-kalimeera-korfu-drohne-1024x625.jpg\" class=\"attachment-large size-large wp-image-3587\" alt=\"villa kalimeera korfu luftbild - renatour\" srcset=\"https:\/\/www.renatour.de\/blog\/wp-content\/uploads\/2021\/08\/villa-kalimeera-korfu-drohne-1024x625.jpg 1024w, https:\/\/www.renatour.de\/blog\/wp-content\/uploads\/2021\/08\/villa-kalimeera-korfu-drohne-300x183.jpg 300w, https:\/\/www.renatour.de\/blog\/wp-content\/uploads\/2021\/08\/villa-kalimeera-korfu-drohne-768x469.jpg 768w, https:\/\/www.renatour.de\/blog\/wp-content\/uploads\/2021\/08\/villa-kalimeera-korfu-drohne-1536x938.jpg 1536w, https:\/\/www.renatour.de\/blog\/wp-content\/uploads\/2021\/08\/villa-kalimeera-korfu-drohne.jpg 1700w\" sizes=\"(max-width: 800px) 100vw, 800px\" \/>\t\t\t\t\t\t\t\t\t\t\t\t\t\t\t<\/div>\n\t\t\t\t<\/div>\n\t\t\t\t\t<\/div>\n\t\t<\/div>\n\t\t\t\t<div class=\"elementor-column elementor-col-50 elementor-top-column elementor-element elementor-element-6b5496f4\" data-id=\"6b5496f4\" data-element_type=\"column\" data-e-type=\"column\" data-settings=\"{&quot;background_background&quot;:&quot;classic&quot;}\">\n\t\t\t<div class=\"elementor-widget-wrap elementor-element-populated\">\n\t\t\t\t\t\t<div class=\"elementor-element elementor-element-53056b90 elementor-widget elementor-widget-heading\" data-id=\"53056b90\" data-element_type=\"widget\" data-e-type=\"widget\" data-widget_type=\"heading.default\">\n\t\t\t\t<div class=\"elementor-widget-container\">\n\t\t\t\t\t<div class=\"elementor-heading-title elementor-size-default\">Familienurlaub in der Villa KaliMeera<br>auf Korfu<\/div>\t\t\t\t<\/div>\n\t\t\t\t<\/div>\n\t\t\t\t<div class=\"elementor-element elementor-element-5ede9d9 elementor-align-left elementor-widget elementor-widget-button\" data-id=\"5ede9d9\" data-element_type=\"widget\" data-e-type=\"widget\" data-widget_type=\"button.default\">\n\t\t\t\t<div class=\"elementor-widget-container\">\n\t\t\t\t\t\t\t\t\t<div class=\"elementor-button-wrapper\">\n\t\t\t\t\t<a class=\"elementor-button elementor-button-link elementor-size-sm\" href=\"https:\/\/www.renatour.de\/villa-kalimeera-korfu?utm_source=blog&#038;utm_medium=cta\">\n\t\t\t\t\t\t<span class=\"elementor-button-content-wrapper\">\n\t\t\t\t\t\t\t\t\t<span class=\"elementor-button-text\">Angebot entdecken<\/span>\n\t\t\t\t\t<\/span>\n\t\t\t\t\t<\/a>\n\t\t\t\t<\/div>\n\t\t\t\t\t\t\t\t<\/div>\n\t\t\t\t<\/div>\n\t\t\t\t\t<\/div>\n\t\t<\/div>\n\t\t\t\t\t<\/div>\n\t\t<\/section>\n\t\t\t\t<\/div>\n\t\t\n\n\n\n<p>Ich freue mich, <strong>viele bekannte und neue G\u00e4ste in die Villa KaliMeera begr\u00fc\u00dfen zu k\u00f6nnen<\/strong>, und auf eine wundersch\u00f6ne Saison 2019 mit ReNatour!<\/p>\n\n\n\n<p>Eure Verena<\/p>\n","protected":false},"excerpt":{"rendered":"<p>Verena Reichel&nbsp;wird ab April auf Korfu sein, um das Team in der Villa KaliMeera zu leiten. Wir freuen uns sehr, dass Verena wieder als Mitarbeiterin dabei ist. Hier ihre Gedanken zur Saison 2019: Liebe G\u00e4ste der Villa KaliMeera! Ich hoffe, Ihr seid gut und gesund ins Neue Jahr gestartet und freut euch genauso wie ich [&hellip;]<\/p>\n","protected":false},"author":10,"featured_media":1473,"comment_status":"open","ping_status":"open","sticky":false,"template":"","format":"standard","meta":{"_seopress_robots_primary_cat":"none","_seopress_titles_title":"Begr\u00fc\u00dfung von Korfu-Mitarbeiterin Verena in der Villa KaliMeera","_seopress_titles_desc":"Verena Reichel wird ab April auf Korfu sein, um das Team in der Villa KaliMeera zu leiten. Hier ihre Gedanken zur Saison 2019.","_seopress_robots_index":"","inline_featured_image":false,"footnotes":""},"categories":[4],"tags":[188,211,223,405],"class_list":["post-1465","post","type-post","status-publish","format-standard","has-post-thumbnail","hentry","category-tipps-und-tricks","tag-korfu","tag-mitarbeiter","tag-nachhaltig-reisen","tag-villa-kalimeera"],"_links":{"self":[{"href":"https:\/\/www.renatour.de\/blog\/wp-json\/wp\/v2\/posts\/1465","targetHints":{"allow":["GET"]}}],"collection":[{"href":"https:\/\/www.renatour.de\/blog\/wp-json\/wp\/v2\/posts"}],"about":[{"href":"https:\/\/www.renatour.de\/blog\/wp-json\/wp\/v2\/types\/post"}],"author":[{"embeddable":true,"href":"https:\/\/www.renatour.de\/blog\/wp-json\/wp\/v2\/users\/10"}],"replies":[{"embeddable":true,"href":"https:\/\/www.renatour.de\/blog\/wp-json\/wp\/v2\/comments?post=1465"}],"version-history":[{"count":4,"href":"https:\/\/www.renatour.de\/blog\/wp-json\/wp\/v2\/posts\/1465\/revisions"}],"predecessor-version":[{"id":7031,"href":"https:\/\/www.renatour.de\/blog\/wp-json\/wp\/v2\/posts\/1465\/revisions\/7031"}],"wp:featuredmedia":[{"embeddable":true,"href":"https:\/\/www.renatour.de\/blog\/wp-json\/wp\/v2\/media\/1473"}],"wp:attachment":[{"href":"https:\/\/www.renatour.de\/blog\/wp-json\/wp\/v2\/media?parent=1465"}],"wp:term":[{"taxonomy":"category","embeddable":true,"href":"https:\/\/www.renatour.de\/blog\/wp-json\/wp\/v2\/categories?post=1465"},{"taxonomy":"post_tag","embeddable":true,"href":"https:\/\/www.renatour.de\/blog\/wp-json\/wp\/v2\/tags?post=1465"}],"curies":[{"name":"wp","href":"https:\/\/api.w.org\/{rel}","templated":true}]}}