{"id":1439,"date":"2021-10-16T13:57:00","date_gmt":"2021-10-16T11:57:00","guid":{"rendered":"https:\/\/www.renatour.de\/blog\/?p=1439"},"modified":"2023-06-20T13:17:00","modified_gmt":"2023-06-20T12:17:00","slug":"wo-wanderurlaub-alpen-machen","status":"publish","type":"post","link":"https:\/\/www.renatour.de\/blog\/wo-wanderurlaub-alpen-machen\/","title":{"rendered":"Dein Wanderurlaub in den Alpen."},"content":{"rendered":"\n<p>Ein traumhafter <strong>Wanderurlaub in den Alpen<\/strong> &#8211; fernab vom Massentourismus. Den gibt es hier.<\/p>\n\n\n\n<p>Die Alpen sind Europas gr\u00f6\u00dftes und h\u00f6chstes Gebirge. <\/p>\n\n\n\n<p>Die Berge halten fast alles bereit, was Urlauberherzen w\u00fcnschen. <\/p>\n\n\n\n<figure class=\"wp-block-image size-full is-style-default\"><img fetchpriority=\"high\" decoding=\"async\" width=\"1024\" height=\"626\" src=\"https:\/\/www.renatour.de\/blog\/wp-content\/uploads\/2023\/02\/pexels-krivec-ales-554609-1024x626-1.jpg\" alt=\"\" class=\"wp-image-5685\" srcset=\"https:\/\/www.renatour.de\/blog\/wp-content\/uploads\/2023\/02\/pexels-krivec-ales-554609-1024x626-1.jpg 1024w, https:\/\/www.renatour.de\/blog\/wp-content\/uploads\/2023\/02\/pexels-krivec-ales-554609-1024x626-1-300x183.jpg 300w, https:\/\/www.renatour.de\/blog\/wp-content\/uploads\/2023\/02\/pexels-krivec-ales-554609-1024x626-1-768x470.jpg 768w\" sizes=\"(max-width: 1024px) 100vw, 1024px\" \/><figcaption class=\"wp-element-caption\">Auf Wanderschaft in den Alpen<\/figcaption><\/figure>\n\n\n\n<p>Besonders f\u00fcr Menschen, die ihre Freizeit gern auf Schusters Rappen verbringen, sind sie das richtige Reiseziel. Auf 1.200 Kilometern L\u00e4nge und 250 Kilometern Breite bieten sie gen\u00fcgend Platz, um nach Herzenslust zu wandern.<\/p>\n\n\n\n<p>Dabei ist es egal, ob man gef\u00fchrt oder individuell wandert, als versierter Kletterer bzw. gew\u00f6hnlicher Wandersmann mit Kind und Kegel unterwegs ist. <\/p>\n\n\n\n<p>Gut gekennzeichnete und ausgebaute Wanderwege sowie ausreichend Rastpl\u00e4tze und Einkehrm\u00f6glichkeiten machen es nahezu allen Urlaubern m\u00f6glich, Tagesausfl\u00fcge oder l\u00e4ngere Touren zu unternehmen. <\/p>\n\n\n\n<p>Wie kaum anderswo erwarten den Wanderer in den Alpen traumhafte Ausblicke in eine unvergleichliche Bergwelt. Sattgr\u00fcne W\u00e4lder durchstreifen, sonnige T\u00e4ler queren, bl\u00fchende Wiesen genie\u00dfen und dazu k\u00f6nnt ihr euch am Anblick kristallklarer Seen sowie wilder B\u00e4che erfreuen. Nicht zu vergessen: die klare Bergluft. Ein <a href=\"https:\/\/www.renatour.de\/wanderurlaub\">Wanderurlaub<\/a> in den Alpen tut nicht nur der Seele gut, sondern spendet eurem K\u00f6rper neue Kraft und Energie.<\/p>\n\n\n\n<!--more-->\n\n\n\n<h2 class=\"wp-block-heading\">Wo kann man einen sch\u00f6nen Wanderurlaub in den Alpen unternehmen?<\/h2>\n\n\n\n<figure class=\"wp-block-image aligncenter size-full\"><a href=\"https:\/\/www.renatour.de\/blog\/wp-content\/uploads\/2019\/01\/wanderurlaub-alpen.jpg\"><img decoding=\"async\" src=\"https:\/\/www.renatour.de\/blog\/wp-content\/uploads\/2019\/01\/wanderurlaub-alpen.jpg\" alt=\"Wanderurlaub Alpen\" class=\"wp-image-1442\"\/><\/a><figcaption class=\"wp-element-caption\">Wanderurlaub Alpen<\/figcaption><\/figure>\n\n\n\n<p>Wer in die Alpen f\u00e4hrt, entscheidet selbst, wie er seinen Urlaub verbringt. Zwar kann man auch hier in Gesellschaft vieler Menschen Sightseeings und Highlights erleben, doch erholsamer ist es, fernab vom Trubel eins mit der Natur zu werden und auf verlassenen Wegen die Ruhe der Berge zu genie\u00dfen. Wenn ihr zu diesen Touristen geh\u00f6rt, halten wir eine ganze Reihe (Geheim)Tipps f\u00fcr einen Alpen-Wanderurlaub bereit.<\/p>\n\n\n\n<h3 class=\"wp-block-heading\">Alpen-Wanderurlaub mit der ganzen in Familie im Aostatal<\/h3>\n\n\n\n<p>Im Nordwesten Italiens gelegen, an der Grenze zu Frankreich und der Schweiz, geh\u00f6rt das Aostatal zu den kleinsten Ferienregionen des Landes. In ihr liegt der 4.810 Meter hohe Mont Blanc, der h\u00f6chste Berg der Alpen. Insbesondere kletterfreudige Wanderer kommen im Aostatal voll auf ihre Kosten. Die Touren f\u00fchren oft bis in die Gipfelregionen, von denen aus die Touristen sich eines spektakul\u00e4ren Rundblickes \u00fcber die Hochgebirgsregion erfreuen d\u00fcrfen.<\/p>\n\n\n\n<p><strong>Tipp<\/strong>: <a href=\"https:\/\/www.renatour.de\/aostatal-wandern\">Bergwandern im Aostatal &#8211; hier buchen!<\/a><\/p>\n\n\n\n<h3 class=\"wp-block-heading\">Das Valle Maira &#8211; ideal f\u00fcr individuelle Wanderungen<\/h3>\n\n\n\n<p>Das Tal &#8222;Valle Maira&#8220; verl\u00e4uft 60 Kilometer in den Alpen von West nach Ost. Es liegt in der italienischen Provinz Cuneo im Piemont. Die Hochgebirgspfade der Region f\u00fchren ruhig und gelassen durch rauschende Mischw\u00e4lder, vorbei an t\u00fcrkisblauen Bergseen, rei\u00dfenden B\u00e4chen und Wasserf\u00e4llen. Der Wanderer kommt dabei durch verschlafene, fast verlassene D\u00f6rfer und erh\u00e4lt an vielen Stellen einem grandiosen Ausblick auf die Cottischen Alpen.<\/p>\n\n\n\n<p><strong>Tipp<\/strong>: <a href=\"https:\/\/www.renatour.de\/piemont-wandern\">Genusswandern im Piemont &#8211; Reise ins Valle Maira<\/a><\/p>\n\n\n\n<h3 class=\"wp-block-heading\">Alpenwandern von Alm zu Alm im \u00f6sterreichischen Salzkammergut<\/h3>\n\n\n\n<p>F\u00fcr Fans von Panoramablicken geh\u00f6rt das Salzkammergut zu den Favoriten, wenn es um Wanderurlaub in den Alpen geht. Die bequemen Touren f\u00fchren \u00fcber herrliche Almlandschaften, vorbei an bestens bewirtschafteten H\u00fctten. Dabei kommen auch Tierliebhaber auf ihre Kosten: Nicht nur, dass auf zahlreichen Weiden im Sommer K\u00fche, Pferde und Schafe grasen, auf einsamen Wanderpfaden l\u00e4sst sich mit Geduld und Fernglas gleichfalls mancher Hirsch, Fuchs oder Auerhahn in seinem Revier beobachten.<\/p>\n\n\n\n<p><strong>Tipp<\/strong>: <a href=\"https:\/\/www.renatour.de\/huettenwanderung-oesterreich\">\u00d6sterreich &#8211; H\u00fcttenwanderung f\u00fcr Familien im Salzkammergut<\/a><\/p>\n\n\n\n<h3 class=\"wp-block-heading\">Umweltbewusst unterwegs im Parc du Mercantour<\/h3>\n\n\n\n<p>Der Parc du Mercantour in den Seealpen kann mit Stolz sagen, der j\u00fcngste franz\u00f6sische Nationalpark zu sein. Er verf\u00fcgt \u00fcber sieben Dreitausender sowie ein hervorragend gepflegtes Netz wundersch\u00f6ner Wanderwege. Wer sie benutzt, muss sich allerdings im Klaren sein, dass auf ihnen der Schutz von Tier- und Pflanzenwelt an vorderster Stelle steht. Unbedingt sollten Wanderer deshalb die Hinweise der Nationalparkverwaltung beachten. Au\u00dferdem ist gute Ausr\u00fcstung wichtig, denn das regionale Wetter ist unberechenbar und kann schnell umschlagen.<\/p>\n\n\n\n<p><strong>Tipp<\/strong>: <a href=\"https:\/\/www.renatour.de\/bergwandern-nationalpark-mercantour\">S\u00fcdalpen (Frankreich) &#8211; Bergwandern im Nationalpark Mercantour<\/a><\/p>\n\n\n\n<h3 class=\"wp-block-heading\">Natur pur erleben in den Albanischen &#8222;Alpen&#8220;<\/h3>\n\n\n\n<p>Albanien hat sich zu einem angesagten Geheimtipp unter Urlaubern entwickelt. Und tats\u00e4chlich werden die Berge dort als Albanische &#8222;Alpen&#8220; bezeichnet. Das Prokletije-Gebirge (auch &#8222;Albanische Alpe&#8220; genannt) ist touristisch weniger erschlossen und wird noch nicht so stark frequentiert, wie andere Regionen. Trotzdem gibt es in Sachen Natur keine Abstriche. Den Urlauber erwarten unber\u00fchrte, malerische Landschaften sowie eine grandiose Bergkulisse. Sehenswert sind das Valbona- und das Thati-Tal. Empfehlenswert ebenso der Pass von Thore, von dem aus der Wanderer einen herrlichen Panoramablick \u00fcber die Albanischen Alpen genie\u00dfen kann.<\/p>\n\n\n\n<p><strong>Tipp<\/strong>: <a href=\"https:\/\/www.renatour.de\/albanien-wandern\">Wanderurlaub in den Albanischen Alpen &#8211; hier buchen!<\/a><\/p>\n\n\n\n<h2 class=\"wp-block-heading\">Fazit: Geheimtipps zum Wandern in den Alpen<\/h2>\n\n\n\n<p>Kein Naturraum in Europa ist so sehr auf Wanderurlaub ausgerichtet wie die Alpen. Tausende an markierten Wanderwegen f\u00fchren durch T\u00e4ler, \u00fcber Almen und hinauf auf die Gipfel. Trotz seiner gro\u00dfen Beliebtheit als Urlaubsziel zu jeder Jahreszeit, hat das Gebirge f\u00fcr Wanderfreunde noch zahlreiche Geheimtipps zu bieten.<\/p>\n\n\n\t\t<div data-elementor-type=\"section\" data-elementor-id=\"6851\" class=\"elementor elementor-6851\" data-elementor-settings=\"{&quot;ha_cmc_init_switcher&quot;:&quot;no&quot;}\" data-elementor-post-type=\"elementor_library\">\n\t\t\t\t\t<section class=\"elementor-section elementor-top-section elementor-element elementor-element-474f7da6 elementor-section-content-middle elementor-section-boxed elementor-section-height-default elementor-section-height-default\" data-id=\"474f7da6\" data-element_type=\"section\" data-e-type=\"section\" data-settings=\"{&quot;background_background&quot;:&quot;classic&quot;,&quot;_ha_eqh_enable&quot;:false}\">\n\t\t\t\t\t\t\t<div class=\"elementor-background-overlay\"><\/div>\n\t\t\t\t\t\t\t<div class=\"elementor-container elementor-column-gap-wide\">\n\t\t\t\t\t<div class=\"elementor-column elementor-col-50 elementor-top-column elementor-element elementor-element-45bd815d\" data-id=\"45bd815d\" data-element_type=\"column\" data-e-type=\"column\" data-settings=\"{&quot;background_background&quot;:&quot;classic&quot;}\">\n\t\t\t<div class=\"elementor-widget-wrap elementor-element-populated\">\n\t\t\t\t\t\t<div class=\"elementor-element elementor-element-6af61d18 elementor-widget elementor-widget-image\" data-id=\"6af61d18\" data-element_type=\"widget\" data-e-type=\"widget\" data-widget_type=\"image.default\">\n\t\t\t\t<div class=\"elementor-widget-container\">\n\t\t\t\t\t\t\t\t\t\t\t\t\t\t\t<img decoding=\"async\" width=\"640\" height=\"480\" src=\"https:\/\/www.renatour.de\/blog\/wp-content\/uploads\/2022\/01\/blogtitelbild-kuh-vor-alpen.png\" class=\"attachment-large size-large wp-image-5840\" alt=\"Kuh vor Alpen\" srcset=\"https:\/\/www.renatour.de\/blog\/wp-content\/uploads\/2022\/01\/blogtitelbild-kuh-vor-alpen.png 640w, https:\/\/www.renatour.de\/blog\/wp-content\/uploads\/2022\/01\/blogtitelbild-kuh-vor-alpen-300x225.png 300w\" sizes=\"(max-width: 640px) 100vw, 640px\" \/>\t\t\t\t\t\t\t\t\t\t\t\t\t\t\t<\/div>\n\t\t\t\t<\/div>\n\t\t\t\t\t<\/div>\n\t\t<\/div>\n\t\t\t\t<div class=\"elementor-column elementor-col-50 elementor-top-column elementor-element elementor-element-607bb910\" data-id=\"607bb910\" data-element_type=\"column\" data-e-type=\"column\" data-settings=\"{&quot;background_background&quot;:&quot;classic&quot;}\">\n\t\t\t<div class=\"elementor-widget-wrap elementor-element-populated\">\n\t\t\t\t\t\t<div class=\"elementor-element elementor-element-e97f252 elementor-widget elementor-widget-heading\" data-id=\"e97f252\" data-element_type=\"widget\" data-e-type=\"widget\" data-widget_type=\"heading.default\">\n\t\t\t\t<div class=\"elementor-widget-container\">\n\t\t\t\t\t<div class=\"elementor-heading-title elementor-size-default\">Nachhaltiger Wanderurlaub <br>in den Alpen<\/div>\t\t\t\t<\/div>\n\t\t\t\t<\/div>\n\t\t\t\t<div class=\"elementor-element elementor-element-40bb5d87 elementor-align-left elementor-widget elementor-widget-button\" data-id=\"40bb5d87\" data-element_type=\"widget\" data-e-type=\"widget\" data-widget_type=\"button.default\">\n\t\t\t\t<div class=\"elementor-widget-container\">\n\t\t\t\t\t\t\t\t\t<div class=\"elementor-button-wrapper\">\n\t\t\t\t\t<a class=\"elementor-button elementor-button-link elementor-size-sm\" href=\"https:\/\/www.renatour.de\/wanderurlaub?utm_source=blog&#038;utm_medium=cta\">\n\t\t\t\t\t\t<span class=\"elementor-button-content-wrapper\">\n\t\t\t\t\t\t\t\t\t<span class=\"elementor-button-text\">Angebote entdecken<\/span>\n\t\t\t\t\t<\/span>\n\t\t\t\t\t<\/a>\n\t\t\t\t<\/div>\n\t\t\t\t\t\t\t\t<\/div>\n\t\t\t\t<\/div>\n\t\t\t\t\t<\/div>\n\t\t<\/div>\n\t\t\t\t\t<\/div>\n\t\t<\/section>\n\t\t\t\t<\/div>\n\t\t\n\n\n\n<p>Habt ihr Fragen zu unseren Wanderreisen? Oder m\u00f6chtet ihr direkt einen Wanderurlaub in den Alpen buchen? Dann stehen euch unsere freundlichen Mitarbeiter\/innen gerne zur Verf\u00fcgung. Zu erreichen per E-Mail und Telefon. <\/p>\n\n\n\n<p class=\"has-drop-cap\">Wir freuen uns auf euch!<\/p>\n","protected":false},"excerpt":{"rendered":"<p>Ein traumhafter Wanderurlaub in den Alpen &#8211; fernab vom Massentourismus. Den gibt es hier. Die Alpen sind Europas gr\u00f6\u00dftes und h\u00f6chstes Gebirge. Die Berge halten fast alles bereit, was Urlauberherzen w\u00fcnschen. Besonders f\u00fcr Menschen, die ihre Freizeit gern auf Schusters Rappen verbringen, sind sie das richtige Reiseziel. Auf 1.200 Kilometern L\u00e4nge und 250 Kilometern Breite [&hellip;]<\/p>\n","protected":false},"author":10,"featured_media":5840,"comment_status":"open","ping_status":"open","sticky":false,"template":"","format":"standard","meta":{"_seopress_robots_primary_cat":"none","_seopress_titles_title":"Dein Wanderurlaub in den Alpen- die besten Tipps","_seopress_titles_desc":"Wo kann man einen Wanderurlaub in den Alpen unternehmen? Wir verraten die besten Geheimtipps f\u00fcr traumhafte Wanderreisen in den Alpen!","_seopress_robots_index":"","inline_featured_image":false,"footnotes":""},"categories":[3,6],"tags":[11,15,36,104,154,257,319,414,416,420,421],"class_list":["post-1439","post","type-post","status-publish","format-standard","has-post-thumbnail","hentry","category-laender-und-regionen","category-wanderurlaub","tag-albanien","tag-alpen","tag-berge","tag-frankreich","tag-italien","tag-oesterreich","tag-schweiz","tag-wandern","tag-wanderreisen","tag-wanderungen","tag-wanderurlaub"],"_links":{"self":[{"href":"https:\/\/www.renatour.de\/blog\/wp-json\/wp\/v2\/posts\/1439","targetHints":{"allow":["GET"]}}],"collection":[{"href":"https:\/\/www.renatour.de\/blog\/wp-json\/wp\/v2\/posts"}],"about":[{"href":"https:\/\/www.renatour.de\/blog\/wp-json\/wp\/v2\/types\/post"}],"author":[{"embeddable":true,"href":"https:\/\/www.renatour.de\/blog\/wp-json\/wp\/v2\/users\/10"}],"replies":[{"embeddable":true,"href":"https:\/\/www.renatour.de\/blog\/wp-json\/wp\/v2\/comments?post=1439"}],"version-history":[{"count":2,"href":"https:\/\/www.renatour.de\/blog\/wp-json\/wp\/v2\/posts\/1439\/revisions"}],"predecessor-version":[{"id":6854,"href":"https:\/\/www.renatour.de\/blog\/wp-json\/wp\/v2\/posts\/1439\/revisions\/6854"}],"wp:featuredmedia":[{"embeddable":true,"href":"https:\/\/www.renatour.de\/blog\/wp-json\/wp\/v2\/media\/5840"}],"wp:attachment":[{"href":"https:\/\/www.renatour.de\/blog\/wp-json\/wp\/v2\/media?parent=1439"}],"wp:term":[{"taxonomy":"category","embeddable":true,"href":"https:\/\/www.renatour.de\/blog\/wp-json\/wp\/v2\/categories?post=1439"},{"taxonomy":"post_tag","embeddable":true,"href":"https:\/\/www.renatour.de\/blog\/wp-json\/wp\/v2\/tags?post=1439"}],"curies":[{"name":"wp","href":"https:\/\/api.w.org\/{rel}","templated":true}]}}