{"id":14,"date":"2019-12-03T11:26:00","date_gmt":"2019-12-03T10:26:00","guid":{"rendered":"https:\/\/www.renatour.de\/blog\/?p=14"},"modified":"2023-05-05T14:35:37","modified_gmt":"2023-05-05T13:35:37","slug":"aias-varagoulis","status":"publish","type":"post","link":"https:\/\/www.renatour.de\/blog\/aias-varagoulis\/","title":{"rendered":"Aias: &#8222;Beide Kulturen haben mich gepr\u00e4gt&#8220;"},"content":{"rendered":"<p><b>Aias Vargoulis\u00a0<\/b>ist geb\u00fcrtiger Korfiote, spricht perfekt Deutsch und arbeitet seit mehr als 10 Jahren als Teamleiter auf Korfu und ist verantwortlich f\u00fcr die <a href=\"https:\/\/www.renatour.de\/villa-kalimeera-korfu\" target=\"_blank\" rel=\"noopener\">Villa KaliMeera<\/a>, das <a href=\"https:\/\/www.renatour.de\/honigtal-korfu\" target=\"_blank\" rel=\"noopener\">Honigtal<\/a> und <a href=\"https:\/\/www.korfu-ferienhaus-ferienwohnung.de\" target=\"_blank\" rel=\"noopener\">Ferienh\u00e4user auf der Insel<\/a>. Sein unvergleichlicher Charme und sein aufmerksames Wesen sind bei Mitarbeitern und G\u00e4sten gleicherma\u00dfen beliebt. Vor Kurzem haben wir Aias in M\u00fcnchen getroffen.<\/p>\n<p><b>Aia, w\u00e4hrend der Sommermonate bist du auf Korfu anzutreffen. Lebst du das ganze Jahr auf der Insel?<\/b><!--more--><\/p>\n<p>Den gr\u00f6\u00dften Teil des Jahres bin ich auf Korfu. Aufgrund der Pandemie war ich auch in diesem Winter auf Korfu, derzeit bin ich aber in Deutschland. Solange ich nur f\u00fcr mich verantwortlich bin, bin ich auch gerne in anderen europ\u00e4ischen Ecken unterwegs. Aber grunds\u00e4tzlich sch\u00e4tze ich die griechische Insel sehr. Korfu ist \u00fcberschaubar, autonom und durch seine wechselhafte Geschichte sehr lebendig und kosmopolitisch. Dazu tr\u00e4gt nat\u00fcrlich der Tourismus bei, aber auch die Universit\u00e4t pr\u00e4gt den Alltag und viele Ausl\u00e4nder verbringen das ganze Jahr auf der ionischen Insel.<\/p>\n<p><b>Die Frage, die du sicher von allen G\u00e4sten im Honigtal oder in der Villa KaliMeera gestellt bekommst: Warum sprichst du so gut deutsch?<\/b><\/p>\n<p>Meine Mutter ist Deutsche und deshalb sind meine beiden Br\u00fcder und ich mit dieser Sprache sehr vertraut, obwohl wir auf Korfu aufgewachsen sind. Mein Vater ist Korfiote. Mit 17 Jahren bin ich dann nach Deutschland gegangen &#8211; erst nach T\u00fcbingen f\u00fcr ein Studium der Volkswirtschaftslehre, danach nach Berlin, um noch Wirtschaftsingenieurswesen zu studieren.<\/p>\n<p><b>Du h\u00e4ttest nach deinen Studien sicher auch in Deutschland einen guten Job gefunden. Warum lebst und arbeitest du auf Korfu bei ReNatour?<\/b><\/p>\n<p>Zuf\u00e4llig habe ich vor einiger Zeit die ReNatour-Mitarbeiterin Sabrina Kazenwadel in einem Biorestaurant auf Korfu kennengelernt. Wir sind ins Gespr\u00e4ch gekommen und sie hat mir vom Honigtal erz\u00e4hlt. Ich habe mich sehr f\u00fcr das Konzept von ReNatour interessiert, da die Insel vom klassischen Tourismus gepr\u00e4gt ist und es viele gro\u00dfe Hotelanlagen gibt. Auch unsere Ressourcen sind begrenzt und es wurde bereits viel Natur im Land zerst\u00f6rt.\u00a0 Der &#8222;sanfte Tourismus&#8220; k\u00f6nnte und sollte ein Modell f\u00fcr die Zukunft Griechenlands sein. Umwelt im weitesten Sinn spielt in Griechenland noch eine viel zu kleine Rolle. Allerdings war das bei uns in der Familie ganz anders. Wir haben immer schon M\u00fcll getrennt und auf gesunde Ern\u00e4hrung geachtet.<\/p>\n<p><b>Nachdem du auch im n\u00e4chsten Sommer wieder die beiden ReNatour-Teams im\u00a0Honigtal und in der Villa KaliMeera\u00a0leitest, scheinen deine Erwartungen in Erf\u00fcllung gegangen sein?<\/b><\/p>\n<p>Ja, wie bereits gesagt, finde ich den ReNatour-Ansatz passend f\u00fcr die Insel. Das hat sich auch in der Praxis best\u00e4tigt. Die Arbeit in unseren Teams ist sehr dynamisch. Es gibt keine festen Richtlinien, man kann Ideen ausprobieren, ist aber auch f\u00fcr das Ergebnis verantwortlich. Au\u00dferdem sch\u00e4tze ich den Umgang mit Menschen, die Gespr\u00e4che mit den Mitarbeitern und den G\u00e4sten.<\/p>\n<p><b>Aia,\u00a0f\u00fchlst du dich als\u00a0&#8222;Grieche&#8220; oder &#8222;Deutscher&#8220;?<\/b><\/p>\n<p>Ich f\u00fchle mich in Deutschland und in Griechenland zuhause. Beide Kulturen haben mich gepr\u00e4gt.<\/p>\n<p><b>Bitte ein Satz zu den unterschiedlichen Charakteren der Menschen.<\/b><\/p>\n<p>Die deutsche Zuverl\u00e4ssigkeit und die griechische Gastfreundschaft fallen mir dazu ein\u00a0(<i>antwortet er lachend auf die Frage, die er so gar nicht beantworten wollte).\u00a0<\/i><\/p>\n<p><b>Vielen Dank f\u00fcr das Gespr\u00e4ch, Aia, und einen guten Sommer!<\/b><\/p>\n","protected":false},"excerpt":{"rendered":"<p>Aias Vargoulis\u00a0ist geb\u00fcrtiger Korfiote, spricht perfekt Deutsch und arbeitet seit mehr als 10 Jahren als Teamleiter auf Korfu und ist verantwortlich f\u00fcr die Villa KaliMeera, das Honigtal und Ferienh\u00e4user auf der Insel. Sein unvergleichlicher Charme und sein aufmerksames Wesen sind bei Mitarbeitern und G\u00e4sten gleicherma\u00dfen beliebt. Vor Kurzem haben wir Aias in M\u00fcnchen getroffen. Aia, [&hellip;]<\/p>\n","protected":false},"author":4,"featured_media":5894,"comment_status":"open","ping_status":"open","sticky":false,"template":"","format":"standard","meta":{"_seopress_robots_primary_cat":"none","_seopress_titles_title":"Aias: &quot;Beide Kulturen haben mich gepr\u00e4gt&quot;","_seopress_titles_desc":"Aias ist Deutsch-Korfiote und ist f\u00fcr ReNatour auf der Insel Korfu t\u00e4tig. Sein Charme ist bei Team und G\u00e4sten gleicherma\u00dfen beliebt.","_seopress_robots_index":"","inline_featured_image":false,"footnotes":""},"categories":[3,4],"tags":[188,211],"class_list":["post-14","post","type-post","status-publish","format-standard","has-post-thumbnail","hentry","category-laender-und-regionen","category-tipps-und-tricks","tag-korfu","tag-mitarbeiter"],"_links":{"self":[{"href":"https:\/\/www.renatour.de\/blog\/wp-json\/wp\/v2\/posts\/14","targetHints":{"allow":["GET"]}}],"collection":[{"href":"https:\/\/www.renatour.de\/blog\/wp-json\/wp\/v2\/posts"}],"about":[{"href":"https:\/\/www.renatour.de\/blog\/wp-json\/wp\/v2\/types\/post"}],"author":[{"embeddable":true,"href":"https:\/\/www.renatour.de\/blog\/wp-json\/wp\/v2\/users\/4"}],"replies":[{"embeddable":true,"href":"https:\/\/www.renatour.de\/blog\/wp-json\/wp\/v2\/comments?post=14"}],"version-history":[{"count":2,"href":"https:\/\/www.renatour.de\/blog\/wp-json\/wp\/v2\/posts\/14\/revisions"}],"predecessor-version":[{"id":6416,"href":"https:\/\/www.renatour.de\/blog\/wp-json\/wp\/v2\/posts\/14\/revisions\/6416"}],"wp:featuredmedia":[{"embeddable":true,"href":"https:\/\/www.renatour.de\/blog\/wp-json\/wp\/v2\/media\/5894"}],"wp:attachment":[{"href":"https:\/\/www.renatour.de\/blog\/wp-json\/wp\/v2\/media?parent=14"}],"wp:term":[{"taxonomy":"category","embeddable":true,"href":"https:\/\/www.renatour.de\/blog\/wp-json\/wp\/v2\/categories?post=14"},{"taxonomy":"post_tag","embeddable":true,"href":"https:\/\/www.renatour.de\/blog\/wp-json\/wp\/v2\/tags?post=14"}],"curies":[{"name":"wp","href":"https:\/\/api.w.org\/{rel}","templated":true}]}}