{"id":1228,"date":"2019-06-07T09:05:00","date_gmt":"2019-06-07T08:05:00","guid":{"rendered":"https:\/\/www.renatour.de\/blog\/?p=1228"},"modified":"2023-06-20T18:44:53","modified_gmt":"2023-06-20T17:44:53","slug":"wo-leben-esel-natuerlicher-lebensraum","status":"publish","type":"post","link":"https:\/\/www.renatour.de\/blog\/wo-leben-esel-natuerlicher-lebensraum\/","title":{"rendered":"Esel und ihr nat\u00fcrlicher Lebensraum."},"content":{"rendered":"\n<p>Esel haben im Reiseprogramm von ReNatour einen hohen Stellenwert:<\/p>\n\n\n\n<p>Unsere <a href=\"https:\/\/www.renatour.de\/eselwandern-eseltrekking\">Eselwanderungen<\/a> in Italien, Frankreich und im Bayerischen Wald erfreuen sich bei unseren Urlaubern einer gro\u00dfen Beliebtheit. <\/p>\n\n\n\n<p>Immer wieder werden wir von unseren G\u00e4sten gefragt: <strong>Wo leben Esel<\/strong> in ihrem nat\u00fcrlichen Lebensraum? Diese Frage m\u00f6chten wir euch heute beantworten.<\/p>\n\n\n\n<h2 class=\"wp-block-heading\">Wo leben Esel in ihrem nat\u00fcrlichen Lebensraum?<\/h2>\n\n\n\n<p>Die heute noch rezenten (d.h., die heute noch lebenden)  Arten der Gattung Pferde (Equus), werden nach einer g\u00e4ngigen, wenn auch nicht unumstrittenen, Systematik zugeordnet. N\u00e4mlich, den drei Gruppen Pferd, Zebra und Esel. <\/p>\n\n\n\n<p>Es gibt vier Eselarten: den Echten Eseln, die Afrikanischen Esel (Equus asinus) und Halb- oder Pferdesel, den Asiatisches Esel (Equus hemionus) und den Kiang (Equus kiang) unterschieden. <\/p>\n\n\n\n<h3 class=\"wp-block-heading\">Aktuell gibt es sch\u00e4tzungsweise weltweit 40 Millionen Esel. <\/h3>\n\n\n\n<p>Die meisten Tiere stammen von der Stammform: Afrikanischer Esel ab. In der Regel werden sie als Last- oder Reittiere eingesetzt und allgemein als Hausesel bezeichnet. <\/p>\n\n\n\n<p>Daneben gibt es noch eine bedeutende Anzahl von verwilderten Hauseseln. So z.B. sch\u00e4tzungsweise 5000 Burros in New Mexico und Arizona und ungef\u00e4hr 1000 Nachkommen von ausgesetzten Eseln  auf der Zypern-Halbinsel Karpas.<\/p>\n\n\n\n<p>Verwildert sind auch die wei\u00dfen (leuzistischen) Esel auf einer vor Sardinien liegenden Mini-Insel. <\/p>\n\n\n\n<p>Ein Riesenproblem stellen auch die Herden verwilderter Hausesel in Australien dar. <\/p>\n\n\n\n<p>Die Nachkommen von Hauseseln, welche zwischen den 1920er und 1930er Jahren (als Folge der Agrar-Mechanisierung) freigelassen wurden, haben sich so erfolgreich an die Naturverh\u00e4ltnisse im Outback angepasst, dass sie heute eine riesige, wildlebende Population bilden.<\/p>\n\n\n\n<figure class=\"wp-block-image aligncenter size-full\"><img fetchpriority=\"high\" decoding=\"async\" width=\"300\" height=\"226\" src=\"https:\/\/www.renatour.de\/blog\/wp-content\/uploads\/2018\/06\/woher-kommen-esel.jpg\" alt=\"\" class=\"wp-image-1231\"\/><figcaption class=\"wp-element-caption\">Esel &#8211; Woher kommen sie?<\/figcaption><\/figure>\n\n\n\n<p>Von den Afrikanischen (Wild-) Eseln haben sich in freier Wildbahn dagegen nur wenige Exemplare behauptet.<\/p>\n\n\n\n<p>Fachleute sprechen von einer akuter Gef\u00e4hrdung dieser Esel-Art. <\/p>\n\n\n\n<p>Die weiten Gebiete der nord- und nordost-afrikanischen Regionen, die einst von den Wildeseln der Unterart Somali-Esel bev\u00f6lkert wurden sind heute fast leer.<\/p>\n\n\n\n<h3 class=\"wp-block-heading\">Esel verteilen sich auf Somalia, die K\u00fcstenzone von Eritrea und auf das Afar-Gebiet.<\/h3>\n\n\n\n<p>Z\u00e4hlungen und Sch\u00e4tzungen der Herden beziffern den Ist-Bestand dieser letzten afrikanischen Wildesel auf etwa 500 bis 1000 Tiere. <\/p>\n\n\n\n<p>Der dramatische Bestands-R\u00fcckgang seit den 1980er Jahren wird auf \u00fcber 90 % angegeben. <\/p>\n\n\n\n<p>Den Somali-Esel kannst du an den Zebra-Streifen an den Unterbeinen leicht erkennen. Er wurde mittlerweile nachgez\u00fcchtet. Rund 200 Tiere werden in Zoologischen G\u00e4rten gehalten.<\/p>\n\n\n\n<h3 class=\"wp-block-heading\">Das internationale Zuchtbuch wird \u00fcbrigens im Tierpark Berlin gef\u00fchrt. In Berlin werden zurzeit etwa ein Dutzend der Wildesel gehalten.<\/h3>\n\n\n\n<p>Die Wildbest\u00e4nde der einst in der Nordafrika-Region ebenfalls heimischen Unterart Nubischer Esel  gelten nach herrschender Meinung seit den 1970er Jahren als ausgestorben.<\/p>\n\n\n\n<p>Allerdings gibt es aufgrund von DNS-Untersuchungen Hinweise darauf, dass eine kleine Herde von auf der Karibik-Insel Bonaire freilebenden Eseln m\u00f6glicherweise Nubische Esel sein k\u00f6nnten. <\/p>\n\n\n\n<p>Das Gleiche gilt f\u00fcr eine Esel-Gruppe, die im \u00e4gyptischen Nationalpark Gabal Elba leben.<\/p>\n\n\n\n<p>Die nie domestizierten Asiatischen (Halb-)Esel sind vom Mittleren Osten bis zur Mongolei verbreitet. Zu dieser Eselart z\u00e4hlen unter anderem Kulan und Onager. Eine eigene Art stellt der in der Tibet-Region heimische Kiang dar.<\/p>\n\n\n\n<h2 class=\"wp-block-heading\">Esel beim Wandern mit ReNatour aus n\u00e4chster N\u00e4he erleben<\/h2>\n\n\n\n<p>Das Wandern mit Eseln ist ideal, und entschleunigt schnell vom Alltag. Auf unseren Eselwanderungen seid ihr mehrere Tage mit diesen tollen Tieren unterwegs und passt euch ganz automatisch ihrem Tempo an.<\/p>\n\n\n\n<p>F\u00fcr Kinder sind die Esel ein toller Motivator!<\/p>\n\n\n\t\t<div data-elementor-type=\"section\" data-elementor-id=\"7004\" class=\"elementor elementor-7004\" data-elementor-settings=\"{&quot;ha_cmc_init_switcher&quot;:&quot;no&quot;}\" data-elementor-post-type=\"elementor_library\">\n\t\t\t\t\t<section class=\"elementor-section elementor-top-section elementor-element elementor-element-4f7f0cca elementor-section-content-middle elementor-section-boxed elementor-section-height-default elementor-section-height-default\" data-id=\"4f7f0cca\" data-element_type=\"section\" data-e-type=\"section\" data-settings=\"{&quot;background_background&quot;:&quot;classic&quot;,&quot;_ha_eqh_enable&quot;:false}\">\n\t\t\t\t\t\t\t<div class=\"elementor-background-overlay\"><\/div>\n\t\t\t\t\t\t\t<div class=\"elementor-container elementor-column-gap-wide\">\n\t\t\t\t\t<div class=\"elementor-column elementor-col-50 elementor-top-column elementor-element elementor-element-11f7f8c\" data-id=\"11f7f8c\" data-element_type=\"column\" data-e-type=\"column\" data-settings=\"{&quot;background_background&quot;:&quot;classic&quot;}\">\n\t\t\t<div class=\"elementor-widget-wrap elementor-element-populated\">\n\t\t\t\t\t\t<div class=\"elementor-element elementor-element-450d13b4 elementor-widget elementor-widget-image\" data-id=\"450d13b4\" data-element_type=\"widget\" data-e-type=\"widget\" data-widget_type=\"image.default\">\n\t\t\t\t<div class=\"elementor-widget-container\">\n\t\t\t\t\t\t\t\t\t\t\t\t\t\t\t<img decoding=\"async\" width=\"800\" height=\"1000\" src=\"https:\/\/www.renatour.de\/blog\/wp-content\/uploads\/2023\/05\/3-819x1024.png\" class=\"attachment-large size-large wp-image-6561\" alt=\"\" srcset=\"https:\/\/www.renatour.de\/blog\/wp-content\/uploads\/2023\/05\/3-819x1024.png 819w, https:\/\/www.renatour.de\/blog\/wp-content\/uploads\/2023\/05\/3-240x300.png 240w, https:\/\/www.renatour.de\/blog\/wp-content\/uploads\/2023\/05\/3-768x960.png 768w, https:\/\/www.renatour.de\/blog\/wp-content\/uploads\/2023\/05\/3.png 1080w\" sizes=\"(max-width: 800px) 100vw, 800px\" \/>\t\t\t\t\t\t\t\t\t\t\t\t\t\t\t<\/div>\n\t\t\t\t<\/div>\n\t\t\t\t\t<\/div>\n\t\t<\/div>\n\t\t\t\t<div class=\"elementor-column elementor-col-50 elementor-top-column elementor-element elementor-element-4c3d60ef\" data-id=\"4c3d60ef\" data-element_type=\"column\" data-e-type=\"column\" data-settings=\"{&quot;background_background&quot;:&quot;classic&quot;}\">\n\t\t\t<div class=\"elementor-widget-wrap elementor-element-populated\">\n\t\t\t\t\t\t<div class=\"elementor-element elementor-element-18240e93 elementor-widget elementor-widget-heading\" data-id=\"18240e93\" data-element_type=\"widget\" data-e-type=\"widget\" data-widget_type=\"heading.default\">\n\t\t\t\t<div class=\"elementor-widget-container\">\n\t\t\t\t\t<div class=\"elementor-heading-title elementor-size-default\">Besonderer Wanderurlaub<br>mit Esel-Begleitung<\/div>\t\t\t\t<\/div>\n\t\t\t\t<\/div>\n\t\t\t\t<div class=\"elementor-element elementor-element-6321cf0a elementor-align-left elementor-widget elementor-widget-button\" data-id=\"6321cf0a\" data-element_type=\"widget\" data-e-type=\"widget\" data-widget_type=\"button.default\">\n\t\t\t\t<div class=\"elementor-widget-container\">\n\t\t\t\t\t\t\t\t\t<div class=\"elementor-button-wrapper\">\n\t\t\t\t\t<a class=\"elementor-button elementor-button-link elementor-size-sm\" href=\"https:\/\/www.renatour.de\/eselwandern-eseltrekking\/?utm_source=blog&#038;utm_medium=cta\">\n\t\t\t\t\t\t<span class=\"elementor-button-content-wrapper\">\n\t\t\t\t\t\t\t\t\t<span class=\"elementor-button-text\">Angebote entdecken<\/span>\n\t\t\t\t\t<\/span>\n\t\t\t\t\t<\/a>\n\t\t\t\t<\/div>\n\t\t\t\t\t\t\t\t<\/div>\n\t\t\t\t<\/div>\n\t\t\t\t\t<\/div>\n\t\t<\/div>\n\t\t\t\t\t<\/div>\n\t\t<\/section>\n\t\t\t\t<\/div>\n\t\t\n\n\n\n<p>Wir bieten <a href=\"https:\/\/www.renatour.de\/eselwandern-italien\">Eselwandern in Italien<\/a>, <a href=\"https:\/\/www.renatour.de\/eselwandern-frankreich\">in Frankreich<\/a> und <a href=\"https:\/\/www.renatour.de\/eselwandern-bayerischer-wald\">im Bayerischen Wald<\/a>.<\/p>\n","protected":false},"excerpt":{"rendered":"<p>Esel haben im Reiseprogramm von ReNatour einen hohen Stellenwert: Unsere Eselwanderungen in Italien, Frankreich und im Bayerischen Wald erfreuen sich bei unseren Urlaubern einer gro\u00dfen Beliebtheit. Immer wieder werden wir von unseren G\u00e4sten gefragt: Wo leben Esel in ihrem nat\u00fcrlichen Lebensraum? Diese Frage m\u00f6chten wir euch heute beantworten. Wo leben Esel in ihrem nat\u00fcrlichen Lebensraum? [&hellip;]<\/p>\n","protected":false},"author":10,"featured_media":1229,"comment_status":"open","ping_status":"open","sticky":false,"template":"","format":"standard","meta":{"_seopress_robots_primary_cat":"none","_seopress_titles_title":"Esel und ihr nat\u00fcrlicher Lebensraum","_seopress_titles_desc":"Wo leben Esel in ihrem nat\u00fcrlichen Lebensraum? Wir verraten Ihnen, woher der europ\u00e4ische Hausesel urspr\u00fcnglich kommt. Erfahren Sie alles \u00fcber Esel!","_seopress_robots_index":"","inline_featured_image":false,"footnotes":""},"categories":[3,5],"tags":[77,78,79,80,262,366],"class_list":["post-1228","post","type-post","status-publish","format-standard","has-post-thumbnail","hentry","category-laender-und-regionen","category-urlaub-mit-kindern","tag-esel","tag-eseltrekking","tag-eselwandern","tag-eselwanderung","tag-pferde","tag-tiere"],"_links":{"self":[{"href":"https:\/\/www.renatour.de\/blog\/wp-json\/wp\/v2\/posts\/1228","targetHints":{"allow":["GET"]}}],"collection":[{"href":"https:\/\/www.renatour.de\/blog\/wp-json\/wp\/v2\/posts"}],"about":[{"href":"https:\/\/www.renatour.de\/blog\/wp-json\/wp\/v2\/types\/post"}],"author":[{"embeddable":true,"href":"https:\/\/www.renatour.de\/blog\/wp-json\/wp\/v2\/users\/10"}],"replies":[{"embeddable":true,"href":"https:\/\/www.renatour.de\/blog\/wp-json\/wp\/v2\/comments?post=1228"}],"version-history":[{"count":2,"href":"https:\/\/www.renatour.de\/blog\/wp-json\/wp\/v2\/posts\/1228\/revisions"}],"predecessor-version":[{"id":7007,"href":"https:\/\/www.renatour.de\/blog\/wp-json\/wp\/v2\/posts\/1228\/revisions\/7007"}],"wp:featuredmedia":[{"embeddable":true,"href":"https:\/\/www.renatour.de\/blog\/wp-json\/wp\/v2\/media\/1229"}],"wp:attachment":[{"href":"https:\/\/www.renatour.de\/blog\/wp-json\/wp\/v2\/media?parent=1228"}],"wp:term":[{"taxonomy":"category","embeddable":true,"href":"https:\/\/www.renatour.de\/blog\/wp-json\/wp\/v2\/categories?post=1228"},{"taxonomy":"post_tag","embeddable":true,"href":"https:\/\/www.renatour.de\/blog\/wp-json\/wp\/v2\/tags?post=1228"}],"curies":[{"name":"wp","href":"https:\/\/api.w.org\/{rel}","templated":true}]}}