{"id":1073,"date":"2018-03-23T15:42:37","date_gmt":"2018-03-23T15:42:37","guid":{"rendered":"https:\/\/www.renatour.de\/blog\/?p=1073"},"modified":"2023-03-01T13:05:26","modified_gmt":"2023-03-01T12:05:26","slug":"ostern-auf-korfu-ein-kultureller-hoehepunkt-auf-der-insel","status":"publish","type":"post","link":"https:\/\/www.renatour.de\/blog\/ostern-auf-korfu-ein-kultureller-hoehepunkt-auf-der-insel\/","title":{"rendered":"Ostern auf Korfu: kultureller H\u00f6hepunkt auf der Insel"},"content":{"rendered":"<p>Ostern auf Korfu&nbsp;steht&nbsp;vor der T\u00fcr &#8211; die j\u00e4hrliche Gedenkfeier an die Auferstehung Jesu Christi.<\/p>\n<p>In deutschsprachigen L\u00e4ndern suchen Kinder an Ostern gerne bunt bemalte H\u00fchnereier und S\u00fc\u00dfigkeiten.<\/p>\n<p>Oder es findet ein traditionelles Osterfeuer statt, bei dem sich Anwohner und Besucher um das Feuer versammeln.<\/p>\n<h4><strong>Ein etwas anderes Osterfest ereignet sich auf der griechischen Insel Korfu.<\/strong><\/h4>\n<p>Es ist das h\u00f6chste Fest der griechisch-orthodoxen Kirche und lockt selbst Griechen aus anderen Teiles des Landes an. <!--more-->Unsere Mitarbeiterin Isa hat sich schlau gemacht und die Besonderheiten und Br\u00e4uche des korfiotischen Osterfestes in chronologischer Reihenfolge erfasst. Ihr Fazit vorab: Ein Besuch ist absolut lohnenswert!<\/p>\n<figure id=\"attachment_1166\" aria-describedby=\"caption-attachment-1166\" style=\"width: 300px\" class=\"wp-caption aligncenter\"><a href=\"https:\/\/www.renatour.de\/blog\/wp-content\/uploads\/2018\/03\/ostern-auf-korfu-kerkyra-tonscherben.jpg\"><img fetchpriority=\"high\" decoding=\"async\" class=\"wp-image-1166 size-medium\" title=\"Ostern in Kerkyra: Scherben bringen Gl\u00fcck\" src=\"https:\/\/www.renatour.de\/blog\/wp-content\/uploads\/2018\/03\/ostern-auf-korfu-kerkyra-tonscherben-300x236.jpg\" alt=\"Ostern in Kerkyra: Scherben bringen Gl\u00fcck\" width=\"300\" height=\"236\"><\/a><figcaption id=\"caption-attachment-1166\" class=\"wp-caption-text\">Ostern in Kerkyra: Scherben bringen Gl\u00fcck<\/figcaption><\/figure>\n<figure id=\"attachment_1165\" aria-describedby=\"caption-attachment-1165\" style=\"width: 300px\" class=\"wp-caption aligncenter\"><a href=\"https:\/\/www.renatour.de\/blog\/wp-content\/uploads\/2018\/03\/ostern-auf-korfu-kerkyra-balkon-roter-topf.jpg\"><img decoding=\"async\" class=\"wp-image-1165 size-medium\" title=\"Ostern auf Korfu: Die Tonvasen sind schwer und echte Kunstwerke\" src=\"https:\/\/www.renatour.de\/blog\/wp-content\/uploads\/2018\/03\/ostern-auf-korfu-kerkyra-balkon-roter-topf-300x272.jpg\" alt=\"Ostern auf Korfu: Die Tonvasen sind schwer und echte Kunstwerke\" width=\"300\" height=\"272\"><\/a><figcaption id=\"caption-attachment-1165\" class=\"wp-caption-text\">Ostern auf Korfu: Die Tonvasen sind schwer und echte Kunstwerke<\/figcaption><\/figure>\n<h5>Die Feierlichkeiten beginnen am <strong>Palmsonntag<\/strong> um 11 Uhr.<\/h5>\n<p>Es ist die gr\u00f6\u00dfte Prozession der Ostertage und sie findet entlang der korfiotischen Stadtmauer statt.<\/p>\n<p>Relikte werden durch die Stra\u00dfen der Stadt getragen, begleitet von 18 verschiedenen philharmonischen Orchestern. Um 21 Uhr treffen sich die Musiker des Mantzaros Orchester im staatlicher Theater und leiten musikalisch die Karwoche ein.<\/p>\n<h5>Von <strong>Montag<\/strong> bis <strong>Mittwoch<\/strong><\/h5>\n<p>finden abends Konzerte statt. Ein Kontrast zu den philharmonischen Orchestern, zum Beispiel die religi\u00f6se Chormusik im st\u00e4dtischen Theater.<\/p>\n<h4>Am <strong>Gr\u00fcndonnerstag<\/strong><\/h4>\n<p>beginnen am Piazza Pinia die Orchester mit den Proben f\u00fcr die kommenden Tage. Vor dem&nbsp;Dom der katholischen Kirche am Rathausplatz z\u00fcnden w\u00e4hrenddessen die Gl\u00e4ubigen in einem Ritual zw\u00f6lf Kerzen an. Von den zw\u00f6lf Evangelien werden sie wieder gel\u00f6scht.<\/p>\n<p>Morgens beim ersten Glockenschlag f\u00e4rben Orthodoxe rote Eier. Das Rot steht f\u00fcr die ewige Erneuerung von Leben und Natur.<\/p>\n<h5>Am <strong>Karfreitag<\/strong>,<\/h5>\n<p>dem Tag der Kreuzigung Jesu, finden allein in Korfu Stadt \u00fcber drei\u00dfig Gottesdienste mit anschlie\u00dfender Prozession statt.<\/p>\n<p>Am Abend ziehen alle Prozessionen mit dem Heiligen Grab und in Begleitung des philharmonischen Orchesters durch die malerische Altstadt bis ins historische Zentrum (Plaza).<\/p>\n<p>Unz\u00e4hlige Menschen versammeln sich hier, um diesen Brauch mitzuerleben.<\/p>\n<p><iframe title=\"\u0391\u03bd\u03ac\u03c3\u03c4\u03b1\u03c3\u03b7 1\u03b7 \u03a0\u03cc\u03bb\u03b7\u03c2 \u039a\u03ad\u03c1\u03ba\u03c5\u03c1\u03b1\u03c2&#039;\u03a1\u03af\u03c8\u03b7 \u03bc\u03b5\u03b3\u03ac\u03bb\u03c9\u03bd \u039c\u03c0\u03cc\u03c4\u03b7\u03b4\u03c9\u03bd&#039;,30-4-2016,\u0392\u03af\u03bd\u03c4\u03b5\u03bf 1\u03bf\" width=\"800\" height=\"450\" src=\"https:\/\/www.youtube.com\/embed\/66QN-biEk_E?start=90&#038;feature=oembed\" frameborder=\"0\" allow=\"accelerometer; autoplay; clipboard-write; encrypted-media; gyroscope; picture-in-picture; web-share\" allowfullscreen><\/iframe><\/p>\n<h2>Ostern auf Korfu: Prozession zu Ehren des Schutzheiligen Spyridon<\/h2>\n<p>Am fr\u00fchen Morgen ab 9 Uhr des <strong>Ostersamstags <\/strong>findet die Prozession zu Ehren des Schutzheiligen Spyridon statt &#8211; die Auferstehung.<\/p>\n<p>Anschlie\u00dfend um 11 Uhr werden in der ganzen Stadt fr\u00f6hliche Glocken gel\u00e4utet. Nicht verpassen sollte man den bekannten Brauch \u201eBotides\u201c, der den Sieg des Lebens \u00fcber den Tod symbolisiert.<\/p>\n<p>Gro\u00dfe, mit Wasser bef\u00fcllte Tonkr\u00fcge werden aus Fenstern und von Balkonen auf die Stra\u00dfe geworfen. Kurze Zeit sp\u00e4ter streifen die Musiker aller Philharmonien erneut durch die Gassen der Altstadt.<\/p>\n<p>Um 23 Uhr feiern die Katholiken in der Zentralkirche am Rathausplatz ihre Auferstehungsfeier mit musikalischer Begleitung.<\/p>\n<p>Um 24 Uhr ereignet sich die griechisch-orthodoxe Ostermesse in der Kirche. Kurz nach Mitternacht ert\u00f6nt dann der befreiende Ausruf des Bischofs <strong>&#8222;Christos anesti &#8211; Christus ist auferstanden&#8220;<\/strong>.<\/p>\n<p>Viele Besucher entz\u00fcnden mitgebrachte Kerzen, ein stimmungsvoller Anblick. Danach findet im Freien ein gro\u00dfes Feuerwerk, abgefeuert von der alten Festung, statt, das die Besucher vom Esplanade-Park mitverfolgen.<\/p>\n<p>Danach wird&nbsp;\u00fcberall in der Stadt gefeiert. Die Fastenzeit ist zu Ende und Restaurants und Gesch\u00e4fte servieren Innereien und es flie\u00dft Wein in Mengen.<\/p>\n<figure id=\"attachment_1167\" aria-describedby=\"caption-attachment-1167\" style=\"width: 272px\" class=\"wp-caption alignnone\"><a href=\"https:\/\/www.renatour.de\/blog\/wp-content\/uploads\/2018\/03\/ostern-auf-korfu-kerkyra-tontopf.jpg\"><img decoding=\"async\" class=\"size-medium wp-image-1167\" src=\"https:\/\/www.renatour.de\/blog\/wp-content\/uploads\/2018\/03\/ostern-auf-korfu-kerkyra-tontopf-272x300.jpg\" alt=\"Ostern auf Korfu: Die Familien versammeln sich auf den Balkonen\" width=\"272\" height=\"300\"><\/a><figcaption id=\"caption-attachment-1167\" class=\"wp-caption-text\">Ostern auf Korfu: Die Familien versammeln sich auf den Balkonen<\/figcaption><\/figure>\n<p><strong>Ostersonntag<\/strong> und <strong>Ostermontag<\/strong> dienen der Erholung.<\/p>\n<p>Meist werden sie&nbsp;im Kreis von Familie und Freunden gefeiert mit traditionellen Speisen. Das typische Essen ist ein Schaf.<\/p>\n<p>Eine Besonderheit dieser Feierlichkeiten \u00fcbrigens ist, dass die Orthodoxe und die Katholische Kirche die Festlichkeiten zeitgleich in der Stadt begehen.<\/p>\n<p>Man sollte sich als Besucher f\u00fcr alle Veranstaltung Zeit nehmen und rechtzeitig an Ort sein. Der H\u00f6hepunkt ist der Ostersamstag!<\/p>\n<p>Quellen:<\/p>\n<p><a href=\"http:\/\/www.korfugriechenland.com\/ostern.html\">http:\/\/www.korfugriechenland.com\/ostern.html<\/a><\/p>\n<p><a href=\"http:\/\/www.graktuell.gr\/index.php\/articles\/tourismus\/1082-korfu-die-sitten-und-br%C3%A4uche-zu-ostern\">http:\/\/www.graktuell.gr\/index.php\/articles\/tourismus\/1082-korfu-die-sitten-und-br%C3%A4uche-zu-ostern<\/a><\/p>\n<p><a href=\"http:\/\/www.corfu.de\/korfu-fest.htm\">http:\/\/www.corfu.de\/korfu-fest.htm<\/a><\/p>\n","protected":false},"excerpt":{"rendered":"<p>Ostern auf Korfu&nbsp;steht&nbsp;vor der T\u00fcr &#8211; die j\u00e4hrliche Gedenkfeier an die Auferstehung Jesu Christi. In deutschsprachigen L\u00e4ndern suchen Kinder an Ostern gerne bunt bemalte H\u00fchnereier und S\u00fc\u00dfigkeiten. Oder es findet ein traditionelles Osterfeuer statt, bei dem sich Anwohner und Besucher um das Feuer versammeln. Ein etwas anderes Osterfest ereignet sich auf der griechischen Insel Korfu. [&hellip;]<\/p>\n","protected":false},"author":10,"featured_media":5945,"comment_status":"open","ping_status":"open","sticky":false,"template":"","format":"standard","meta":{"_seopress_robots_primary_cat":"none","_seopress_titles_title":"Ostern auf Korfu - das h\u00f6chste Fest der griechisch-orthodoxen Kirche","_seopress_titles_desc":"Ostern auf Korfu: Die j\u00e4hrliche Gedenkfeier an die Auferstehung Jesu Christi. Auf der griechischen Insel Korfu ist Ostern das h\u00f6chste Fest der griechisch-orthodoxen Kirche und lockt selbst Griechen aus anderen Teiles des Landes an.","_seopress_robots_index":"","inline_featured_image":false,"footnotes":""},"categories":[3],"tags":[46,255,256],"class_list":["post-1073","post","type-post","status-publish","format-standard","has-post-thumbnail","hentry","category-laender-und-regionen","tag-botides","tag-osterbrauch","tag-ostern-auf-korfu"],"_links":{"self":[{"href":"https:\/\/www.renatour.de\/blog\/wp-json\/wp\/v2\/posts\/1073","targetHints":{"allow":["GET"]}}],"collection":[{"href":"https:\/\/www.renatour.de\/blog\/wp-json\/wp\/v2\/posts"}],"about":[{"href":"https:\/\/www.renatour.de\/blog\/wp-json\/wp\/v2\/types\/post"}],"author":[{"embeddable":true,"href":"https:\/\/www.renatour.de\/blog\/wp-json\/wp\/v2\/users\/10"}],"replies":[{"embeddable":true,"href":"https:\/\/www.renatour.de\/blog\/wp-json\/wp\/v2\/comments?post=1073"}],"version-history":[{"count":2,"href":"https:\/\/www.renatour.de\/blog\/wp-json\/wp\/v2\/posts\/1073\/revisions"}],"predecessor-version":[{"id":7141,"href":"https:\/\/www.renatour.de\/blog\/wp-json\/wp\/v2\/posts\/1073\/revisions\/7141"}],"wp:featuredmedia":[{"embeddable":true,"href":"https:\/\/www.renatour.de\/blog\/wp-json\/wp\/v2\/media\/5945"}],"wp:attachment":[{"href":"https:\/\/www.renatour.de\/blog\/wp-json\/wp\/v2\/media?parent=1073"}],"wp:term":[{"taxonomy":"category","embeddable":true,"href":"https:\/\/www.renatour.de\/blog\/wp-json\/wp\/v2\/categories?post=1073"},{"taxonomy":"post_tag","embeddable":true,"href":"https:\/\/www.renatour.de\/blog\/wp-json\/wp\/v2\/tags?post=1073"}],"curies":[{"name":"wp","href":"https:\/\/api.w.org\/{rel}","templated":true}]}}